{"id":180386,"date":"2020-07-24T09:15:40","date_gmt":"2020-07-24T12:15:40","guid":{"rendered":"https:\/\/www.caririemacao.com\/1\/?p=180386"},"modified":"2020-07-24T09:15:40","modified_gmt":"2020-07-24T12:15:40","slug":"prefeitura-de-sao-jose-dos-cordeiros-atende-pedido-de-moradores-e-realiza-mais-acoes-no-municipio","status":"publish","type":"post","link":"https:\/\/www.caririemacao.com\/1\/2020\/07\/24\/prefeitura-de-sao-jose-dos-cordeiros-atende-pedido-de-moradores-e-realiza-mais-acoes-no-municipio\/","title":{"rendered":"Prefeitura de S\u00e3o Jos\u00e9 dos Cordeiros atende pedido de moradores e  realiza mais a\u00e7\u00f5es no munic\u00edpio"},"content":{"rendered":"\n<p>A Prefeitura de S\u00e3o Jos\u00e9 dos Cordeiros, atrav\u00e9s da Secretaria de Servi\u00e7os Urbanos,  realizaram mais uma a\u00e7\u00e3o no munic\u00edpio, atendendo aos pedidos de moradores, para que fossem removidos os canteiros com \u00e1rvores no meio das ruas: Antonio In\u00e1cio de Ara\u00fajo e<br>Maria Z\u00e9lia Almeida de Brito. <\/p>\n\n\n\n<p>O objetivo foi o de alargar as vias completando o cal\u00e7amento e retirando as \u00e1rvores ex\u00f3ticas, que causavam preju\u00edzos \u00e0s resid\u00eancias por causa de suas extensas ra\u00edzes.<\/p>\n\n\n\n<p>De acordo com o prefeito Jefferson Roberto, foram retiradas 15 \u00e1rvores ex\u00f3ticas e para reposi\u00e7\u00e3o.<\/p>\n\n\n\n<p> &#8220;A Prefeitura plantou 150 \u00e1rvores nativas doadas pela UFCG de Sum\u00e9 no entorno da escola do campo do S\u00edtio Sim\u00e3o Lopes. Nosso agradecimento a professora Alecsandra pela parceria&#8221;, concluiu o prefeito. <\/p>\n\n\n\n<figure class=\"wp-block-image size-large\"><img fetchpriority=\"high\" decoding=\"async\" width=\"960\" height=\"720\" src=\"https:\/\/www.caririemacao.com\/1\/wp-content\/uploads\/2020\/07\/prefeiturasaojosedoscordeiros_20200724_0-1.jpg\" alt=\"\" class=\"wp-image-180431\" srcset=\"https:\/\/www.caririemacao.com\/1\/wp-content\/uploads\/2020\/07\/prefeiturasaojosedoscordeiros_20200724_0-1.jpg 960w, https:\/\/www.caririemacao.com\/1\/wp-content\/uploads\/2020\/07\/prefeiturasaojosedoscordeiros_20200724_0-1-300x225.jpg 300w, https:\/\/www.caririemacao.com\/1\/wp-content\/uploads\/2020\/07\/prefeiturasaojosedoscordeiros_20200724_0-1-768x576.jpg 768w\" sizes=\"(max-width: 960px) 100vw, 960px\" \/><\/figure>\n\n\n\n<figure class=\"wp-block-image size-large\"><img decoding=\"async\" width=\"960\" height=\"720\" data-src=\"https:\/\/www.caririemacao.com\/1\/wp-content\/uploads\/2020\/07\/prefeiturasaojosedoscordeiros_20200724_3.jpg\" alt=\"\" class=\"wp-image-180426 lazyload\" data-srcset=\"https:\/\/www.caririemacao.com\/1\/wp-content\/uploads\/2020\/07\/prefeiturasaojosedoscordeiros_20200724_3.jpg 960w, https:\/\/www.caririemacao.com\/1\/wp-content\/uploads\/2020\/07\/prefeiturasaojosedoscordeiros_20200724_3-300x225.jpg 300w, https:\/\/www.caririemacao.com\/1\/wp-content\/uploads\/2020\/07\/prefeiturasaojosedoscordeiros_20200724_3-768x576.jpg 768w\" data-sizes=\"(max-width: 960px) 100vw, 960px\" src=\"data:image\/svg+xml;base64,PHN2ZyB3aWR0aD0iMSIgaGVpZ2h0PSIxIiB4bWxucz0iaHR0cDovL3d3dy53My5vcmcvMjAwMC9zdmciPjwvc3ZnPg==\" style=\"--smush-placeholder-width: 960px; --smush-placeholder-aspect-ratio: 960\/720;\" \/><\/figure>\n\n\n\n<figure class=\"wp-block-image size-large\"><img decoding=\"async\" width=\"965\" height=\"728\" data-src=\"https:\/\/www.caririemacao.com\/1\/wp-content\/uploads\/2020\/07\/prefeiturasaojosedoscordeiros_20200724_5.jpg\" alt=\"\" class=\"wp-image-180427 lazyload\" data-srcset=\"https:\/\/www.caririemacao.com\/1\/wp-content\/uploads\/2020\/07\/prefeiturasaojosedoscordeiros_20200724_5.jpg 965w, https:\/\/www.caririemacao.com\/1\/wp-content\/uploads\/2020\/07\/prefeiturasaojosedoscordeiros_20200724_5-300x226.jpg 300w, https:\/\/www.caririemacao.com\/1\/wp-content\/uploads\/2020\/07\/prefeiturasaojosedoscordeiros_20200724_5-768x579.jpg 768w\" data-sizes=\"(max-width: 965px) 100vw, 965px\" src=\"data:image\/svg+xml;base64,PHN2ZyB3aWR0aD0iMSIgaGVpZ2h0PSIxIiB4bWxucz0iaHR0cDovL3d3dy53My5vcmcvMjAwMC9zdmciPjwvc3ZnPg==\" style=\"--smush-placeholder-width: 965px; --smush-placeholder-aspect-ratio: 965\/728;\" \/><\/figure>\n","protected":false},"excerpt":{"rendered":"<p>A Prefeitura de S\u00e3o Jos\u00e9 dos Cordeiros, atrav\u00e9s da Secretaria de Servi\u00e7os Urbanos, realizaram mais uma a\u00e7\u00e3o no munic\u00edpio, atendendo aos pedidos de moradores, para&hellip; <\/p>\n","protected":false},"author":1,"featured_media":180414,"comment_status":"closed","ping_status":"closed","sticky":false,"template":"","format":"standard","meta":{"sfsi_plus_gutenberg_text_before_share":"","sfsi_plus_gutenberg_show_text_before_share":"","sfsi_plus_gutenberg_icon_type":"","sfsi_plus_gutenberg_icon_alignemt":"","sfsi_plus_gutenburg_max_per_row":"","footnotes":""},"categories":[6],"tags":[],"class_list":["post-180386","post","type-post","status-publish","format-standard","has-post-thumbnail","hentry","category-cidades"],"_links":{"self":[{"href":"https:\/\/www.caririemacao.com\/1\/wp-json\/wp\/v2\/posts\/180386","targetHints":{"allow":["GET"]}}],"collection":[{"href":"https:\/\/www.caririemacao.com\/1\/wp-json\/wp\/v2\/posts"}],"about":[{"href":"https:\/\/www.caririemacao.com\/1\/wp-json\/wp\/v2\/types\/post"}],"author":[{"embeddable":true,"href":"https:\/\/www.caririemacao.com\/1\/wp-json\/wp\/v2\/users\/1"}],"replies":[{"embeddable":true,"href":"https:\/\/www.caririemacao.com\/1\/wp-json\/wp\/v2\/comments?post=180386"}],"version-history":[{"count":1,"href":"https:\/\/www.caririemacao.com\/1\/wp-json\/wp\/v2\/posts\/180386\/revisions"}],"predecessor-version":[{"id":180432,"href":"https:\/\/www.caririemacao.com\/1\/wp-json\/wp\/v2\/posts\/180386\/revisions\/180432"}],"wp:featuredmedia":[{"embeddable":true,"href":"https:\/\/www.caririemacao.com\/1\/wp-json\/wp\/v2\/media\/180414"}],"wp:attachment":[{"href":"https:\/\/www.caririemacao.com\/1\/wp-json\/wp\/v2\/media?parent=180386"}],"wp:term":[{"taxonomy":"category","embeddable":true,"href":"https:\/\/www.caririemacao.com\/1\/wp-json\/wp\/v2\/categories?post=180386"},{"taxonomy":"post_tag","embeddable":true,"href":"https:\/\/www.caririemacao.com\/1\/wp-json\/wp\/v2\/tags?post=180386"}],"curies":[{"name":"wp","href":"https:\/\/api.w.org\/{rel}","templated":true}]}}