{"id":180419,"date":"2020-07-24T09:10:07","date_gmt":"2020-07-24T12:10:07","guid":{"rendered":"https:\/\/www.caririemacao.com\/1\/?p=180419"},"modified":"2020-07-24T09:10:07","modified_gmt":"2020-07-24T12:10:07","slug":"operadoras-comecam-testes-no-brasil-da-tecnologia-5g","status":"publish","type":"post","link":"https:\/\/www.caririemacao.com\/1\/2020\/07\/24\/operadoras-comecam-testes-no-brasil-da-tecnologia-5g\/","title":{"rendered":"Operadoras come\u00e7am testes no Brasil da tecnologia 5G"},"content":{"rendered":"\n<h2 class=\"wp-block-heading\"><\/h2>\n\n\n\n<p>As maiores operadoras do pa\u00eds de telefonia celular iniciaram neste m\u00eas&nbsp;de julho&nbsp;o funcionamento, em car\u00e1ter&nbsp;experimental, da tecnologia de&nbsp;quinta&nbsp;gera\u00e7\u00e3o (5G) para os aparelhos m\u00f3veis. Neste primeiro momento, o 5G compartilhar\u00e1 as faixas de transmiss\u00e3o j\u00e1 existentes do 3G e do 4G, com o uso da tecnologia chamada DSS (compartilhamento din\u00e2mico de espectro, na sigla em ingl\u00eas).&nbsp;<img decoding=\"async\" data-src=\"https:\/\/agenciabrasil.ebc.com.br\/ebc.png?id=1312203&amp;o=node\" src=\"data:image\/svg+xml;base64,PHN2ZyB3aWR0aD0iMSIgaGVpZ2h0PSIxIiB4bWxucz0iaHR0cDovL3d3dy53My5vcmcvMjAwMC9zdmciPjwvc3ZnPg==\" class=\"lazyload\"><\/p>\n\n\n\n<p>Isso ocorre porque o leil\u00e3o do espa\u00e7o do espectro, destinado exclusivamente ao 5G (a faixa de 3,5GHz), s\u00f3 dever\u00e1 ocorrer no in\u00edcio de 2021. Com a tecnologia DSS \u00e9 poss\u00edvel compartilhar, com o 5G, a faixa do 3G e 4G n\u00e3o utilizada. No entanto, como esse espectro n\u00e3o possui uma banda cont\u00ednua e dedicada, a experi\u00eancia do 5G ainda n\u00e3o poder\u00e1 ser utilizada em sua totalidade.<\/p>\n\n\n\n<p>O&nbsp;<a href=\"https:\/\/agenciabrasil.ebc.com.br\/geral\/noticia\/2020-03\/agencia-brasil-explica-o-que-e-tecnologia-5g\" target=\"_blank\" rel=\"noreferrer noopener\">5G<\/a>, em sua m\u00e1xima pot\u00eancia, dever\u00e1 oferecer alt\u00edssimas velocidades de internet, maior confiabilidade e disponibilidade, al\u00e9m da capacidade para conectar massivamente um n\u00famero significativo de aparelhos ao mesmo tempo.&nbsp;<\/p>\n\n\n\n<p>Para poder utilizar o servi\u00e7o, por\u00e9m, o usu\u00e1rio ter\u00e1 de ter em m\u00e3os um aparelho celular que seja compat\u00edvel com a tecnologia 5G.&nbsp;Hoje, no mercado brasileiro, h\u00e1 apenas um modelo dispon\u00edvel com a tecnologia, o Motorola Edge, com valor acima de R$ 4,9 mil na loja oficial da fabricante.<\/p>\n\n\n\n<h2 class=\"wp-block-heading\">Locais com cobertura 5G<\/h2>\n\n\n\n<p>A operadora Vivo est\u00e1 ativando, no m\u00eas&nbsp;de julho, o funcionamento do 5G DSS em oito cidades brasileiras: S\u00e3o Paulo (regi\u00f5es da Avenida&nbsp;Paulista, Vila Ol\u00edmpia e Berrini), Bras\u00edlia (regi\u00f5es do Eixo Monumental, Esplanada dos Minist\u00e9rios e shoppings), Belo Horizonte (regi\u00f5es da&nbsp;Savassi e Afonso Pena), Salvador (regi\u00f5es da&nbsp;Pituba e Itaigara), Rio&nbsp;de Janeiro&nbsp;(Copacabana, Ipanema e Leblon), Goi\u00e2nia (regi\u00e3o central da cidade), Curitiba (regi\u00f5es do Centro C\u00edvico\/Alto da Gl\u00f3ria e Batel\/\u00c1gua Verde), Porto Alegre (regi\u00f5es do Moinhos de Vento, Avenida&nbsp;Carlos Gomes e Shopping Iguatemi).<\/p>\n\n\n\n<p>J\u00e1 a o 5G DSS da operadora Claro est\u00e1 dispon\u00edvel inicialmente&nbsp;em S\u00e3o Paulo, desde a \u00faltima semana, na regi\u00e3o da Avenida Paulista e Jardins. Em seguida, vai gradativamente estender-se pelos bairros Campo Belo, Vila Madalena, Pinheiros, Itaim, Moema, Brooklin, Vila Ol\u00edmpia, Cerqueira C\u00e9sar, Para\u00edso, Ibirapuera, al\u00e9m da regi\u00e3o da Avenida Berrini e tamb\u00e9m de Santo Amaro.&nbsp;<\/p>\n\n\n\n<p>O servi\u00e7o ser\u00e1 instalado tamb\u00e9m na Central \u00danica das Favelas (CUFA)&nbsp;e no Instituto Pr\u00f3-Saber SP, ambos na comunidade&nbsp;de Parais\u00f3polis, onde a operadora desenvolve trabalhos sociais.&nbsp;<\/p>\n\n\n\n<p>No Rio&nbsp;de Janeiro, os primeiros pontos de cobertura estar\u00e3o em Ipanema, Leblon e na Lagoa. Devem se expandir por toda a orla, do Leme at\u00e9 a Barra da Tijuca, passando pelo&nbsp;Jardim Oce\u00e2nico, Jo\u00e1, S\u00e3o Conrado e Copacabana.<\/p>\n\n\n\n<p>A cobertura do 5G DSS da operadora TIM&nbsp;ter\u00e1 in\u00edcio&nbsp;em setembro, em tr\u00eas cidades: Bento Gon\u00e7alves (RS), Itajub\u00e1 (MG), e Tr\u00eas Lagoas (MS). J\u00e1 a Oi informou que est\u00e1 avaliando iniciar a opera\u00e7\u00e3o comercial da tecnologia 5G no pa\u00eds antes da realiza\u00e7\u00e3o do leil\u00e3o de frequ\u00eancias. A operadora disse que j\u00e1 instalou experimentalmente a tecnologia 5G no pa\u00eds, de forma pontual, no ano passado, no munic\u00edpio de B\u00fazios (RJ) e em grandes eventos, como na Confer\u00eancia Rio2C, GameXP, Rock in Rio e Comic Con Experience (CCXP).&nbsp;<\/p>\n","protected":false},"excerpt":{"rendered":"<p>As maiores operadoras do pa\u00eds de telefonia celular iniciaram neste m\u00eas&nbsp;de julho&nbsp;o funcionamento, em car\u00e1ter&nbsp;experimental, da tecnologia de&nbsp;quinta&nbsp;gera\u00e7\u00e3o (5G) para os aparelhos m\u00f3veis. Neste primeiro&hellip; <\/p>\n","protected":false},"author":2,"featured_media":180420,"comment_status":"closed","ping_status":"closed","sticky":false,"template":"","format":"standard","meta":{"sfsi_plus_gutenberg_text_before_share":"","sfsi_plus_gutenberg_show_text_before_share":"","sfsi_plus_gutenberg_icon_type":"","sfsi_plus_gutenberg_icon_alignemt":"","sfsi_plus_gutenburg_max_per_row":"","footnotes":""},"categories":[2],"tags":[],"class_list":["post-180419","post","type-post","status-publish","format-standard","has-post-thumbnail","hentry","category-geral"],"_links":{"self":[{"href":"https:\/\/www.caririemacao.com\/1\/wp-json\/wp\/v2\/posts\/180419","targetHints":{"allow":["GET"]}}],"collection":[{"href":"https:\/\/www.caririemacao.com\/1\/wp-json\/wp\/v2\/posts"}],"about":[{"href":"https:\/\/www.caririemacao.com\/1\/wp-json\/wp\/v2\/types\/post"}],"author":[{"embeddable":true,"href":"https:\/\/www.caririemacao.com\/1\/wp-json\/wp\/v2\/users\/2"}],"replies":[{"embeddable":true,"href":"https:\/\/www.caririemacao.com\/1\/wp-json\/wp\/v2\/comments?post=180419"}],"version-history":[{"count":1,"href":"https:\/\/www.caririemacao.com\/1\/wp-json\/wp\/v2\/posts\/180419\/revisions"}],"predecessor-version":[{"id":180421,"href":"https:\/\/www.caririemacao.com\/1\/wp-json\/wp\/v2\/posts\/180419\/revisions\/180421"}],"wp:featuredmedia":[{"embeddable":true,"href":"https:\/\/www.caririemacao.com\/1\/wp-json\/wp\/v2\/media\/180420"}],"wp:attachment":[{"href":"https:\/\/www.caririemacao.com\/1\/wp-json\/wp\/v2\/media?parent=180419"}],"wp:term":[{"taxonomy":"category","embeddable":true,"href":"https:\/\/www.caririemacao.com\/1\/wp-json\/wp\/v2\/categories?post=180419"},{"taxonomy":"post_tag","embeddable":true,"href":"https:\/\/www.caririemacao.com\/1\/wp-json\/wp\/v2\/tags?post=180419"}],"curies":[{"name":"wp","href":"https:\/\/api.w.org\/{rel}","templated":true}]}}