{"id":180433,"date":"2020-07-24T09:26:44","date_gmt":"2020-07-24T12:26:44","guid":{"rendered":"https:\/\/www.caririemacao.com\/1\/?p=180433"},"modified":"2020-07-24T09:26:44","modified_gmt":"2020-07-24T12:26:44","slug":"pesquisa-veja-bolsonaro-e-favorito-da-corrida-eleitoral-em-2022-com-29-e-sergio-moro-com-171","status":"publish","type":"post","link":"https:\/\/www.caririemacao.com\/1\/2020\/07\/24\/pesquisa-veja-bolsonaro-e-favorito-da-corrida-eleitoral-em-2022-com-29-e-sergio-moro-com-171\/","title":{"rendered":"Pesquisa Veja: Bolsonaro \u00e9 favorito da corrida eleitoral em 2022 com 29% e S\u00e9rgio Moro com 17,1%"},"content":{"rendered":"\n<h1 class=\"wp-block-heading\"><\/h1>\n\n\n\n<p>O governo Jair Bolsonaro passou nos \u00faltimos tr\u00eas meses por uma tempestade pol\u00edtica perfeita. \u00c0 crise inaugurada pela pandemia do novo coronav\u00edrus, menosprezada pelo presidente desde o in\u00edcio, somaram-se a conturbada demiss\u00e3o de seu ministro mais popular, Sergio Moro, duas trocas no Minist\u00e9rio da Sa\u00fade, a abertura de um inqu\u00e9rito para apurar interfer\u00eancia pol\u00edtica na Pol\u00edcia Federal, a divulga\u00e7\u00e3o em v\u00eddeo de uma escabrosa reuni\u00e3o de seu gabinete, o cerco a bolsonaristas radicais em duas investiga\u00e7\u00f5es do Supremo, a pris\u00e3o de Fabr\u00edcio Queiroz, ex-assessor do senador Fl\u00e1vio Bolsonaro (Republicanos-RJ), em uma casa do advogado de Bolsonaro, o diagn\u00f3stico de Covid-19 do chefe do Executivo e o saldo nefasto de mais de 80 000 mortos pela doen\u00e7a.&nbsp;<\/p>\n\n\n\n<p>Mesmo em meio a dificuldades s\u00e9rias, que poderiam estra\u00e7alhar a popularidade de in\u00fameros pol\u00edticos, Bolsonaro segue firme, mostrando mais uma vez que \u00e9 um fen\u00f4meno pol\u00edtico. Se a disputa presidencial fosse hoje, ele seria reeleito.<\/p>\n\n\n\n<p>Essa \u00e9 uma das principais conclus\u00f5es de um levantamento exclusivo realizado pelo instituto Paran\u00e1 Pesquisas entre os dias 18 e 21 de julho. Mesmo sendo um mandat\u00e1rio controverso \u00e0 frente de um pa\u00eds dividido em rela\u00e7\u00e3o ao seu governo, Bolsonaro lidera todos os cen\u00e1rios de primeiro turno \u2014 com porcentuais que v\u00e3o de 27,5% a 30,7% \u2014 e derrotaria os seis potenciais advers\u00e1rios em um segundo round da corrida ao Planalto em 2022: o ex-presidente Luiz In\u00e1cio Lula da Silva (PT), o ex-prefeito Fernando Haddad (PT), o ex-governador Ciro Gomes (PDT), o ex-ministro Sergio Moro, o governador paulista Jo\u00e3o Doria (PSDB) e o apresentador Luciano Huck. Um feito impressionante, considerando-se que, segundo a mesma pesquisa, 48,1% dos brasileiros desaprovam a sua gest\u00e3o (eram 51,7% no fim de abril) e 38% consideram ruim ou p\u00e9ssimo o seu trabalho (eram 39,4%). Comparada a um levantamento anterior da Paran\u00e1 Pesquisas, de tr\u00eas meses atr\u00e1s, a aprova\u00e7\u00e3o oscilou positivamente de 44% para 47,1%, enquanto o contingente que considera seu mandato \u00f3timo ou bom foi de 31,8% para 34,3%, varia\u00e7\u00e3o acima da margem de erro de 2 pontos porcentuais para mais ou para menos.<\/p>\n\n\n\n<p>A elei\u00e7\u00e3o de 2022 ainda est\u00e1 distante, mas chama aten\u00e7\u00e3o a capacidade de resist\u00eancia do presidente. Os constantes solavancos pol\u00edticos e as lamban\u00e7as em s\u00e9rie na condu\u00e7\u00e3o da pandemia n\u00e3o colaram nele a ponto de erodirem a sua mais fiel base de apoio, de cerca de 30% dos eleitores \u2014 n\u00famero que \u00e9 considerado at\u00e9 por advers\u00e1rios como freio a um processo de impeachment (h\u00e1 dezenas deles nas m\u00e3os do presidente da C\u00e2mara, Rodrigo Maia). Na vis\u00e3o de especialistas, Bolsonaro conseguiu escapar \u00e0 l\u00f3gica de que sucumbiria \u00e0s crises por dois motivos: o aux\u00edlio emergencial, que amenizou efeitos econ\u00f4micos da pandemia em uma popula\u00e7\u00e3o indiferente \u00e0s confus\u00f5es de Bras\u00edlia, e a atitude mais comedida do presidente nos \u00faltimos tempos, especialmente ap\u00f3s a escalada de tens\u00e3o com o Supremo. Seu filho e senador Fl\u00e1vio Bolsonaro (Republicanos-RJ) disse ao jornal O Globo, na quarta-feira 22, que a \u201cpostura de distensionamento\u201d ser\u00e1 permanente.<\/p>\n\n\n\n<p>\u201cDesde que percebeu que o conflito com o STF era perigoso, o presidente recuou, ficou quieto, parou de dar declara\u00e7\u00f5es bomb\u00e1sticas. Para uma parte dos eleitores que o apoiam, mas eram cr\u00edticos ao desempenho, a postura de Bolsonaro paz e amor ajuda a melhorar a avalia\u00e7\u00e3o\u201d, diz o cientista pol\u00edtico Jos\u00e9 \u00c1lvaro Mois\u00e9s, da USP.<\/p>\n\n\n\n<p>\u201cBolsonaro volta a subir principalmente com o aux\u00edlio de 600 reais, que passou a chegar a mais gente. Com o fator bolso, a crise pol\u00edtica fica menor. Lula, na \u00e9poca do mensal\u00e3o, era um her\u00f3i, porque o bolso estava cheio\u201d, avalia Murilo Hidalgo, diretor do Paran\u00e1 Pesquisas.&nbsp;<\/p>\n\n\n\n<p>Com os bolsonaristas j\u00e1 cativos, o governo busca justamente o \u201cfator bolso\u201d e a expans\u00e3o de programas sociais para diversificar a sua base eleitoral. A pesquisa mostra que melhoraram os \u00edndices de avalia\u00e7\u00e3o no Nordeste, uma cidadela petista e lulista. Os nordestinos ainda s\u00e3o os brasileiros menos afeitos ao presidente, por\u00e9m os que desaprovam o governo ca\u00edram de 66,1% para 56,8% entre abril e julho e os que aprovam subiram de 30,3% para 39,4%.<\/p>\n\n\n\n<figure class=\"wp-block-image\"><img decoding=\"async\" data-src=\"https:\/\/www.clickpb.com.br\/media\/filer_public\/e5\/5a\/e55abf82-d9b3-4384-82fd-1561ae714dae\/cenario__1.jpg\" alt=\"\" src=\"data:image\/svg+xml;base64,PHN2ZyB3aWR0aD0iMSIgaGVpZ2h0PSIxIiB4bWxucz0iaHR0cDovL3d3dy53My5vcmcvMjAwMC9zdmciPjwvc3ZnPg==\" class=\"lazyload\" \/><\/figure>\n\n\n\n<figure class=\"wp-block-image\"><img decoding=\"async\" data-src=\"https:\/\/www.clickpb.com.br\/media\/filer_public\/bc\/8d\/bc8dc78a-59e8-4397-82e0-2d2ebd23917e\/cenario_2.jpg\" alt=\"\" src=\"data:image\/svg+xml;base64,PHN2ZyB3aWR0aD0iMSIgaGVpZ2h0PSIxIiB4bWxucz0iaHR0cDovL3d3dy53My5vcmcvMjAwMC9zdmciPjwvc3ZnPg==\" class=\"lazyload\" \/><\/figure>\n\n\n\n<figure class=\"wp-block-image\"><img decoding=\"async\" data-src=\"https:\/\/www.clickpb.com.br\/media\/filer_public\/9e\/6c\/9e6c7912-4164-4e5c-9a1f-da84abca374f\/cenario_3.jpg\" alt=\"\" src=\"data:image\/svg+xml;base64,PHN2ZyB3aWR0aD0iMSIgaGVpZ2h0PSIxIiB4bWxucz0iaHR0cDovL3d3dy53My5vcmcvMjAwMC9zdmciPjwvc3ZnPg==\" class=\"lazyload\" \/><\/figure>\n\n\n\n<p>Pela perspectiva atual, fica dif\u00edcil imaginar uma for\u00e7a que possa rivalizar com o presidente. A desaprova\u00e7\u00e3o ao seu governo, no entanto, faz supor que exista espa\u00e7o para um projeto alternativo, menos radical e mais equilibrado. Entre os poss\u00edveis nomes de centro-direita, quem aparece melhor hoje \u00e9 algu\u00e9m que estava colado ao presidente at\u00e9 recentemente, o ex-ministro Sergio Moro. Nas disputas de segundo turno, depois do ineleg\u00edvel Lula, Moro \u00e9 quem mais se aproxima de Bolsonaro (44,7% contra 35%). Nas de primeiro turno, ele termina em segundo lugar, quando o candidato do PT \u00e9 Fernando Haddad e em terceiro, mas n\u00e3o longe, quando \u00e9 inclu\u00eddo o nome de Lula (veja os quadros). Visto como um \u00edcone na batalha anticorrup\u00e7\u00e3o, Moro apresenta potencial de crescimento numa faixa hoje ocupada por Bolsonaro, mas que pode ser conquistada se as revela\u00e7\u00f5es do caso Fabr\u00edcio Queiroz tisnarem de vez a imagem do presidente em rela\u00e7\u00e3o ao cuidado com o dinheiro p\u00fablico. Essa amea\u00e7a de Moro j\u00e1 entrou no radar do bolsonarismo nas redes sociais e em manifesta\u00e7\u00f5es de rua, que o elegeram como novo integrante do hall de \u201ctraidores da p\u00e1tria\u201d.&nbsp;<\/p>\n\n\n\n<p>O ponto negativo de Moro como alternativa a Bolsonaro \u00e9 que, em raz\u00e3o de sua atua\u00e7\u00e3o como juiz, marcadamente contra Lula e o PT, ele dificilmente vai aglutinar apoios da esquerda. Outro dado dificultador \u00e9 que ningu\u00e9m sabe ao certo quais s\u00e3o as posi\u00e7\u00f5es econ\u00f4micas defendidas pelo ex-ministro.<\/p>\n\n\n\n<p>Depois de derrubar a economia do pa\u00eds e assaltar o estado brasileiro, o velho oponente ideol\u00f3gico ainda tem um eleitorado cativo (Paulo Maluf tamb\u00e9m tinha, mesmo depois de comprovadas todas as den\u00fancias de corrup\u00e7\u00e3o contra o ex-prefeito de S\u00e3o Paulo). Embora tenha sido condenado e preso na Lava-Jato e esteja ineleg\u00edvel pela Lei da Ficha Limpa, Lula tem ainda um forte recall entre os eleitores desse espectro. O petista chega a ter ampla vantagem sobre o presidente entre nordestinos (34,1% a 18,7%) e eleitores que estudaram at\u00e9 o ensino fundamental (31,5% a 21%).&nbsp;<\/p>\n\n\n\n<p>Na verdade, a fidelidade das pessoas ao petista se assemelha, de certa forma, \u00e0 dos bolsonaristas mais ferrenhos. H\u00e1 um qu\u00ea de identifica\u00e7\u00e3o e simpatia pessoal, elementos mais emocionais do que racionais. \u201cLula \u00e9 uma lideran\u00e7a com raiz social muito importante, criou o Bolsa Fam\u00edlia, fortaleceu universidades. Foi contestado pela corrup\u00e7\u00e3o, mas n\u00e3o eliminou esse apoio\u201d, diz Jos\u00e9 \u00c1lvaro Mois\u00e9s, da USP. Embora o piso eleitoral da esquerda seja respeit\u00e1vel, seu teto \u00e9 baixo. Ningu\u00e9m desse campo pol\u00edtico demonstra capacidade de bater o presidente num eventual segundo turno. Tanto Lula quanto Haddad, oponente de 2018, s\u00e3o derrotados por Bolsonaro nas simula\u00e7\u00f5es de embates diretos \u2014 o capit\u00e3o, ali\u00e1s, ganha de seus rivais, n\u00e3o s\u00f3 os petistas, em todos os recortes de g\u00eanero, idade e escolaridade, \u00e0 exce\u00e7\u00e3o da prefer\u00eancia por Lula entre os que estudaram at\u00e9 o ensino fundamental.<\/p>\n\n\n\n<p>\u201cNo segundo turno, onde est\u00e3o os 48% que desaprovam Bolsonaro? N\u00e3o tem ainda um candidato para catalisar essa desaprova\u00e7\u00e3o\u201d, analisa o cientista pol\u00edtico Antonio Lavareda.<\/p>\n\n\n\n<p>Aos que gostariam de ver um candidato de Centro no Planalto em 2022, o levantamento do Paran\u00e1 Pesquisas n\u00e3o traz boas novidades. Os dois principais nomes desse grupo, Jo\u00e3o Doria e Luciano Huck, tiveram desempenho p\u00edfio na pesquisa. Mesmo sem o nome de Moro no cen\u00e1rio, Doria alcan\u00e7a apenas 4,6% das inten\u00e7\u00f5es de voto. Nessa mesma simula\u00e7\u00e3o, Huck, que j\u00e1 beirou os 12%, cravou apenas 8,3%. No caso do apresentador da Globo, \u00e9 at\u00e9 compreens\u00edvel esse encolhimento. Embora fa\u00e7a lives em suas redes, algumas delas mostrando os camarins de sua atra\u00e7\u00e3o na emissora, Huck n\u00e3o exerceu nenhum papel fundamental no combate \u00e0 pandemia \u2014 nem poderia. Era natural que ca\u00edsse (h\u00e1 pessoas de seu entorno que garantem que ele nem est\u00e1 assim t\u00e3o empolgado para concorrer em 2022). Doria, por outro lado, merecia um reconhecimento maior do eleitorado. Sua atua\u00e7\u00e3o no combate ao coronav\u00edrus pode n\u00e3o ser perfeita, mas foi a melhor poss\u00edvel entre os governadores. Os n\u00fameros talvez mostrem que a estrat\u00e9gia do presidente de jogar a crise sanit\u00e1ria no colo de governadores e prefeitos aparentemente deu certo at\u00e9 agora, com a irresponsabilidade n\u00e3o se traduzindo em impopularidade.<\/p>\n\n\n\n<p>O ex-governador de Minas, Magalh\u00e3es Pinto, cunhou uma frase que define \u00e0 perfei\u00e7\u00e3o esse momento da disputa de 2022: \u201cPol\u00edtica \u00e9 como nuvem. Voc\u00ea olha e ela est\u00e1 de um jeito. Olha de novo e ela j\u00e1 mudou\u201d. Tudo pode, \u00e9 claro, mudar at\u00e9 l\u00e1 \u2014 e mesmo antes disso. Existem no horizonte de Bolsonaro ao menos duas quest\u00f5es que podem comprometer o seu projeto de reelei\u00e7\u00e3o: o desfecho imprevis\u00edvel do caso Queiroz e a perspectiva de tormenta econ\u00f4mica no rescaldo da pandemia (est\u00e1 previsto um tombo de quase 6% do PIB), agravada pelo aux\u00edlio emergencial, que, em tese, vai at\u00e9 setembro. Mas \u00e9 ineg\u00e1vel que o capit\u00e3o segue firme no p\u00e1reo at\u00e9 agora, com uma inabal\u00e1vel resist\u00eancia e, a rigor, nenhum advers\u00e1rio \u00e0 altura.<\/p>\n","protected":false},"excerpt":{"rendered":"<p>O governo Jair Bolsonaro passou nos \u00faltimos tr\u00eas meses por uma tempestade pol\u00edtica perfeita. \u00c0 crise inaugurada pela pandemia do novo coronav\u00edrus, menosprezada pelo presidente&hellip; <\/p>\n","protected":false},"author":2,"featured_media":180435,"comment_status":"closed","ping_status":"closed","sticky":false,"template":"","format":"standard","meta":{"sfsi_plus_gutenberg_text_before_share":"","sfsi_plus_gutenberg_show_text_before_share":"","sfsi_plus_gutenberg_icon_type":"","sfsi_plus_gutenberg_icon_alignemt":"","sfsi_plus_gutenburg_max_per_row":"","footnotes":""},"categories":[11],"tags":[],"class_list":["post-180433","post","type-post","status-publish","format-standard","has-post-thumbnail","hentry","category-politica"],"_links":{"self":[{"href":"https:\/\/www.caririemacao.com\/1\/wp-json\/wp\/v2\/posts\/180433","targetHints":{"allow":["GET"]}}],"collection":[{"href":"https:\/\/www.caririemacao.com\/1\/wp-json\/wp\/v2\/posts"}],"about":[{"href":"https:\/\/www.caririemacao.com\/1\/wp-json\/wp\/v2\/types\/post"}],"author":[{"embeddable":true,"href":"https:\/\/www.caririemacao.com\/1\/wp-json\/wp\/v2\/users\/2"}],"replies":[{"embeddable":true,"href":"https:\/\/www.caririemacao.com\/1\/wp-json\/wp\/v2\/comments?post=180433"}],"version-history":[{"count":1,"href":"https:\/\/www.caririemacao.com\/1\/wp-json\/wp\/v2\/posts\/180433\/revisions"}],"predecessor-version":[{"id":180436,"href":"https:\/\/www.caririemacao.com\/1\/wp-json\/wp\/v2\/posts\/180433\/revisions\/180436"}],"wp:featuredmedia":[{"embeddable":true,"href":"https:\/\/www.caririemacao.com\/1\/wp-json\/wp\/v2\/media\/180435"}],"wp:attachment":[{"href":"https:\/\/www.caririemacao.com\/1\/wp-json\/wp\/v2\/media?parent=180433"}],"wp:term":[{"taxonomy":"category","embeddable":true,"href":"https:\/\/www.caririemacao.com\/1\/wp-json\/wp\/v2\/categories?post=180433"},{"taxonomy":"post_tag","embeddable":true,"href":"https:\/\/www.caririemacao.com\/1\/wp-json\/wp\/v2\/tags?post=180433"}],"curies":[{"name":"wp","href":"https:\/\/api.w.org\/{rel}","templated":true}]}}