{"id":180480,"date":"2020-07-24T17:42:09","date_gmt":"2020-07-24T20:42:09","guid":{"rendered":"https:\/\/www.caririemacao.com\/1\/?p=180480"},"modified":"2020-07-24T17:42:09","modified_gmt":"2020-07-24T20:42:09","slug":"caraubas-incendio-na-zona-rural-provoca-panico-na-populacao","status":"publish","type":"post","link":"https:\/\/www.caririemacao.com\/1\/2020\/07\/24\/caraubas-incendio-na-zona-rural-provoca-panico-na-populacao\/","title":{"rendered":"Cara\u00fabas: inc\u00eandio na zona rural provoca p\u00e2nico na popula\u00e7\u00e3o"},"content":{"rendered":"\n<p>Um inc\u00eandio provocado na comunidade rural de posse no munic\u00edpio de Cara\u00fabas provocou medo e p\u00e2nico na manh\u00e3 desta sexta-feira, dia 24\/7. Ainda n\u00e3o se sabe a causa do inc\u00eandio se acidental ou criminoso. Por volta das 9h30min., o pessoal da Prefeitura Municipal de Cara\u00fabas foi acionado sobre o ocorrido e j\u00e1 se iniciou uma verdadeira maratona de arregimenta\u00e7\u00e3o de for\u00e7as no sentido de debelar as chamas.<\/p>\n\n\n\n<p><br>O prefeito Silvano Dudu manteve contato com o pessoal do Corpo de Bombeiros, a Guarda Civil local foi acionada, o pessoal da Secretaria da Agricultura atrav\u00e9s da COMDEC se deslocaram at\u00e9 o local da comunidade. Em virtude da vegeta\u00e7\u00e3o seca, em sua grande parte capim, o fogo atingiu um n\u00edvel gigantesco e provocou o temor de atingir resid\u00eancias.<\/p>\n\n\n\n<p><br>A Prefeitura disponibilizou uma m\u00e1quina retroescavadeira, o caminh\u00e3o pipa, al\u00e9m de mais 02(dois) carros pipa contratados pelo prefeito Silvano Dudu para prestar assist\u00eancia as fam\u00edlias da referida comunidade. Outras pessoas apelaram para a f\u00e9 e rezaram para o controle do inc\u00eandio.<\/p>\n\n\n\n<p><br>O corpo de bombeiros de Campina Grande chegou na cidade por volta das 14h45min., imediatamente se deslocou at\u00e9 a localidade mas chegando l\u00e1 os servidores da Prefeitura com a ajuda de populares j\u00e1 haviam controlado o fogo. Os t\u00e9cnicos da COMDEC alertam a popula\u00e7\u00e3o para terem o m\u00e1ximo de cuidado este ano, pois, como foi um ano at\u00edpico em virtude das chuvas, muita pastagem formada agora est\u00e1 seca e pode ocasionar inc\u00eandios de maiores propor\u00e7\u00f5es.<\/p>\n\n\n\n<p><br>O prefeito Silvano Dudu agradece o apoio dos que fazem a Guarda Civil, da COMDEC, da Secretaria da Agricultura e da SOPSUR que disponibilizaram equipamentos e servidores para ajudar a controlar o fogo. Esse \u00e9 um momento importante de ajudar a quem mais precisa, disse ele.<\/p>\n\n\n\n<p>Fonte: SEPLACOM<br>Fotos: MIGUEL FILHO\/MARIA ADRIANA<\/p>\n","protected":false},"excerpt":{"rendered":"<p>Um inc\u00eandio provocado na comunidade rural de posse no munic\u00edpio de Cara\u00fabas provocou medo e p\u00e2nico na manh\u00e3 desta sexta-feira, dia 24\/7. Ainda n\u00e3o se&hellip; <\/p>\n","protected":false},"author":1,"featured_media":180481,"comment_status":"closed","ping_status":"closed","sticky":false,"template":"","format":"standard","meta":{"sfsi_plus_gutenberg_text_before_share":"","sfsi_plus_gutenberg_show_text_before_share":"","sfsi_plus_gutenberg_icon_type":"","sfsi_plus_gutenberg_icon_alignemt":"","sfsi_plus_gutenburg_max_per_row":"","footnotes":""},"categories":[6,50],"tags":[],"class_list":["post-180480","post","type-post","status-publish","format-standard","has-post-thumbnail","hentry","category-cidades","category-destaque"],"_links":{"self":[{"href":"https:\/\/www.caririemacao.com\/1\/wp-json\/wp\/v2\/posts\/180480","targetHints":{"allow":["GET"]}}],"collection":[{"href":"https:\/\/www.caririemacao.com\/1\/wp-json\/wp\/v2\/posts"}],"about":[{"href":"https:\/\/www.caririemacao.com\/1\/wp-json\/wp\/v2\/types\/post"}],"author":[{"embeddable":true,"href":"https:\/\/www.caririemacao.com\/1\/wp-json\/wp\/v2\/users\/1"}],"replies":[{"embeddable":true,"href":"https:\/\/www.caririemacao.com\/1\/wp-json\/wp\/v2\/comments?post=180480"}],"version-history":[{"count":1,"href":"https:\/\/www.caririemacao.com\/1\/wp-json\/wp\/v2\/posts\/180480\/revisions"}],"predecessor-version":[{"id":180482,"href":"https:\/\/www.caririemacao.com\/1\/wp-json\/wp\/v2\/posts\/180480\/revisions\/180482"}],"wp:featuredmedia":[{"embeddable":true,"href":"https:\/\/www.caririemacao.com\/1\/wp-json\/wp\/v2\/media\/180481"}],"wp:attachment":[{"href":"https:\/\/www.caririemacao.com\/1\/wp-json\/wp\/v2\/media?parent=180480"}],"wp:term":[{"taxonomy":"category","embeddable":true,"href":"https:\/\/www.caririemacao.com\/1\/wp-json\/wp\/v2\/categories?post=180480"},{"taxonomy":"post_tag","embeddable":true,"href":"https:\/\/www.caririemacao.com\/1\/wp-json\/wp\/v2\/tags?post=180480"}],"curies":[{"name":"wp","href":"https:\/\/api.w.org\/{rel}","templated":true}]}}