{"id":180483,"date":"2020-07-24T17:45:37","date_gmt":"2020-07-24T20:45:37","guid":{"rendered":"https:\/\/www.caririemacao.com\/1\/?p=180483"},"modified":"2020-07-24T17:45:37","modified_gmt":"2020-07-24T20:45:37","slug":"secretaria-de-saude-de-caraubas-confirma-mais-01-caso-de-covid-19-2","status":"publish","type":"post","link":"https:\/\/www.caririemacao.com\/1\/2020\/07\/24\/secretaria-de-saude-de-caraubas-confirma-mais-01-caso-de-covid-19-2\/","title":{"rendered":"Secretaria de Sa\u00fade de Cara\u00fabas confirma mais 01 caso de Covid-19"},"content":{"rendered":"\n<p>A Prefeitura Municipal de Cara\u00fabas atrav\u00e9s da Secretaria da Sa\u00fade e o Departamento de Vigil\u00e2ncia em Sa\u00fade Epidemiol\u00f3gica confirmou na tarde desta sexta-feira, dia 24 de Julho de 2020, mais um caso do novo coronav\u00edrus. <\/p>\n\n\n\n<p>De acordo com o novo Boletim Epidemiol\u00f3gico j\u00e1 foram notificados 200(duzentos) casos dos quais 163(cento e sessenta e tr\u00eas) casos negativados, 06(seis) casos sob investiga\u00e7\u00e3o e 31(trinta e um) casos confirmados dos quais 25(vinte e cinco) casos est\u00e3o curados. Ainda existem 21(vinte e um) casos em isolamento. <\/p>\n\n\n\n<p>Segundo o Diretor do Departamento de Vigil\u00e2ncia em Sa\u00fade Epidemiol\u00f3gica, Rivaldo Sousa, o novo caso positivado do munic\u00edpio trata-se de uma paciente com endere\u00e7o de Cara\u00fabas mas no vizinho munic\u00edpio de Barra de S\u00e3o Miguel. uma jovem de 17 anos de idade e que apresentou dor de cabe\u00e7a e contato com caso positivo.<\/p>\n\n\n\n<p>O CASO CURADO, TRATA-SE DE UM JOVEM DE 19 ANOS RESIDENTE NO DISTRITO DE BARREIRAS.<\/p>\n","protected":false},"excerpt":{"rendered":"<p>A Prefeitura Municipal de Cara\u00fabas atrav\u00e9s da Secretaria da Sa\u00fade e o Departamento de Vigil\u00e2ncia em Sa\u00fade Epidemiol\u00f3gica confirmou na tarde desta sexta-feira, dia 24&hellip; <\/p>\n","protected":false},"author":1,"featured_media":180484,"comment_status":"closed","ping_status":"closed","sticky":false,"template":"","format":"standard","meta":{"sfsi_plus_gutenberg_text_before_share":"","sfsi_plus_gutenberg_show_text_before_share":"","sfsi_plus_gutenberg_icon_type":"","sfsi_plus_gutenberg_icon_alignemt":"","sfsi_plus_gutenburg_max_per_row":"","footnotes":""},"categories":[6],"tags":[],"class_list":["post-180483","post","type-post","status-publish","format-standard","has-post-thumbnail","hentry","category-cidades"],"_links":{"self":[{"href":"https:\/\/www.caririemacao.com\/1\/wp-json\/wp\/v2\/posts\/180483","targetHints":{"allow":["GET"]}}],"collection":[{"href":"https:\/\/www.caririemacao.com\/1\/wp-json\/wp\/v2\/posts"}],"about":[{"href":"https:\/\/www.caririemacao.com\/1\/wp-json\/wp\/v2\/types\/post"}],"author":[{"embeddable":true,"href":"https:\/\/www.caririemacao.com\/1\/wp-json\/wp\/v2\/users\/1"}],"replies":[{"embeddable":true,"href":"https:\/\/www.caririemacao.com\/1\/wp-json\/wp\/v2\/comments?post=180483"}],"version-history":[{"count":1,"href":"https:\/\/www.caririemacao.com\/1\/wp-json\/wp\/v2\/posts\/180483\/revisions"}],"predecessor-version":[{"id":180485,"href":"https:\/\/www.caririemacao.com\/1\/wp-json\/wp\/v2\/posts\/180483\/revisions\/180485"}],"wp:featuredmedia":[{"embeddable":true,"href":"https:\/\/www.caririemacao.com\/1\/wp-json\/wp\/v2\/media\/180484"}],"wp:attachment":[{"href":"https:\/\/www.caririemacao.com\/1\/wp-json\/wp\/v2\/media?parent=180483"}],"wp:term":[{"taxonomy":"category","embeddable":true,"href":"https:\/\/www.caririemacao.com\/1\/wp-json\/wp\/v2\/categories?post=180483"},{"taxonomy":"post_tag","embeddable":true,"href":"https:\/\/www.caririemacao.com\/1\/wp-json\/wp\/v2\/tags?post=180483"}],"curies":[{"name":"wp","href":"https:\/\/api.w.org\/{rel}","templated":true}]}}