{"id":180486,"date":"2020-07-24T17:49:18","date_gmt":"2020-07-24T20:49:18","guid":{"rendered":"https:\/\/www.caririemacao.com\/1\/?p=180486"},"modified":"2020-07-24T17:49:18","modified_gmt":"2020-07-24T20:49:18","slug":"caraubas-praca-da-saudade-comeca-a-receber-letreiro-luminoso-com-o-nome-da-cidade","status":"publish","type":"post","link":"https:\/\/www.caririemacao.com\/1\/2020\/07\/24\/caraubas-praca-da-saudade-comeca-a-receber-letreiro-luminoso-com-o-nome-da-cidade\/","title":{"rendered":"Cara\u00fabas: Pra\u00e7a da Saudade come\u00e7a a receber letreiro luminoso com o nome da cidade"},"content":{"rendered":"\n<p>Foi iniciada na manh\u00e3 desta sexta-feira, dia 24\/7, a coloca\u00e7\u00e3o do letreiro com o nome da cidade de Cara\u00fabas numa das principais pra\u00e7as centrais da cidade. A pra\u00e7a da saudade foi escolhida por ser uma das mais centrais e onde concentra o maior fluxo de pessoas e pedestres.<\/p>\n\n\n\n<p><br>De acordo com os que fazem a secretaria do Turismo do munic\u00edpio outras pra\u00e7as receberam reforma e homenagens por determina\u00e7\u00e3o do prefeito Silvano Dudu. A conhecida pra\u00e7a do marco zero localizada em frente a hist\u00f3rica igrejinha do Ros\u00e1rio tamb\u00e9m passar\u00e1 por reforma e homenagear\u00e1 os primeiros habitantes do munic\u00edpio, os \u00edndios cariris, disse a secret\u00e1ria do turismo, Silvana Myllena.<br><\/p>\n\n\n\n<p>O prefeito Silvano Dudu disse que a pra\u00e7a da saudade \u00e9 tamb\u00e9m um dos principais cart\u00f5es postais da cidade depois da coloca\u00e7\u00e3o desse letreiro e da reforma que iremos proceder. Estamos investindo aproximadamente R$ 9.000,00(Nove Mil Reais), de recursos pr\u00f3prios, na coloca\u00e7\u00e3o desse letreiro que passar\u00e1 a ser refer\u00eancia na cidade, principalmente, para as pessoas fazerem fotos de recorda\u00e7\u00e3o da cidade.<br><\/p>\n\n\n\n<p>Acredito que estamos deixando a cidade bem estruturada para receber os turistas que no futuro estar\u00e3o visitando nossos principais pontos tur\u00edsticos. Vamos colocar novos bancos nas pra\u00e7as e recuperar os antigos para poder reloc\u00e1-los. Um dos atrativos desse letreiro ser\u00e1 a sua ilumina\u00e7\u00e3o noturna que se apresentar\u00e1 em v\u00e1rias cores o que tornar\u00e1 aquela pra\u00e7a um ponto de encontro de pessoas e valorizando ainda mais aquela \u00e1rea, finalizou o prefeito.<\/p>\n\n\n\n<p><br>O prazo de conclus\u00e3o dessa obra dever\u00e1 ser at\u00e9 o inicio da pr\u00f3xima semana. O prefeito pretende inaugurar esse monumento at\u00e9 no m\u00e1ximo a primeira semana do m\u00eas de Agosto em virtude dos prazos estipulados pela legisla\u00e7\u00e3o eleitoral.<\/p>\n\n\n\n<p><br>A predomin\u00e2ncia das cores ser\u00e3o as do munic\u00edpio, azul e branca. Al\u00e9m do nome da cidade junto teremos um cora\u00e7\u00e3o por se tratar de um amor de cidade. A pra\u00e7a da saudade como e mais conhecida j\u00e1 recebeu da atual gest\u00e3o a coloca\u00e7\u00e3o de nova ilumina\u00e7\u00e3o em led e agora o monumento em homenagem a cidade.<\/p>\n\n\n\n<p>Fonte: SEPLACOM<br>Foto: MIGUEL FILHO<\/p>\n","protected":false},"excerpt":{"rendered":"<p>Foi iniciada na manh\u00e3 desta sexta-feira, dia 24\/7, a coloca\u00e7\u00e3o do letreiro com o nome da cidade de Cara\u00fabas numa das principais pra\u00e7as centrais da&hellip; <\/p>\n","protected":false},"author":1,"featured_media":180487,"comment_status":"closed","ping_status":"closed","sticky":false,"template":"","format":"standard","meta":{"sfsi_plus_gutenberg_text_before_share":"","sfsi_plus_gutenberg_show_text_before_share":"","sfsi_plus_gutenberg_icon_type":"","sfsi_plus_gutenberg_icon_alignemt":"","sfsi_plus_gutenburg_max_per_row":"","footnotes":""},"categories":[6,50],"tags":[],"class_list":["post-180486","post","type-post","status-publish","format-standard","has-post-thumbnail","hentry","category-cidades","category-destaque"],"_links":{"self":[{"href":"https:\/\/www.caririemacao.com\/1\/wp-json\/wp\/v2\/posts\/180486","targetHints":{"allow":["GET"]}}],"collection":[{"href":"https:\/\/www.caririemacao.com\/1\/wp-json\/wp\/v2\/posts"}],"about":[{"href":"https:\/\/www.caririemacao.com\/1\/wp-json\/wp\/v2\/types\/post"}],"author":[{"embeddable":true,"href":"https:\/\/www.caririemacao.com\/1\/wp-json\/wp\/v2\/users\/1"}],"replies":[{"embeddable":true,"href":"https:\/\/www.caririemacao.com\/1\/wp-json\/wp\/v2\/comments?post=180486"}],"version-history":[{"count":1,"href":"https:\/\/www.caririemacao.com\/1\/wp-json\/wp\/v2\/posts\/180486\/revisions"}],"predecessor-version":[{"id":180488,"href":"https:\/\/www.caririemacao.com\/1\/wp-json\/wp\/v2\/posts\/180486\/revisions\/180488"}],"wp:featuredmedia":[{"embeddable":true,"href":"https:\/\/www.caririemacao.com\/1\/wp-json\/wp\/v2\/media\/180487"}],"wp:attachment":[{"href":"https:\/\/www.caririemacao.com\/1\/wp-json\/wp\/v2\/media?parent=180486"}],"wp:term":[{"taxonomy":"category","embeddable":true,"href":"https:\/\/www.caririemacao.com\/1\/wp-json\/wp\/v2\/categories?post=180486"},{"taxonomy":"post_tag","embeddable":true,"href":"https:\/\/www.caririemacao.com\/1\/wp-json\/wp\/v2\/tags?post=180486"}],"curies":[{"name":"wp","href":"https:\/\/api.w.org\/{rel}","templated":true}]}}