{"id":180493,"date":"2020-07-25T06:24:55","date_gmt":"2020-07-25T09:24:55","guid":{"rendered":"https:\/\/www.caririemacao.com\/1\/?p=180493"},"modified":"2020-07-25T06:24:55","modified_gmt":"2020-07-25T09:24:55","slug":"sao-joao-do-cariri-sume-e-monteiro-registram-novos-casos-da-covid-19-nas-ultimas-24h-e-orgaos-de-saude-fazem-alerta-a-populacao","status":"publish","type":"post","link":"https:\/\/www.caririemacao.com\/1\/2020\/07\/25\/sao-joao-do-cariri-sume-e-monteiro-registram-novos-casos-da-covid-19-nas-ultimas-24h-e-orgaos-de-saude-fazem-alerta-a-populacao\/","title":{"rendered":"S\u00e3o Jo\u00e3o do Cariri, Sum\u00e9 e Monteiro registram novos casos da Covid-19 nas \u00faltimas 24h e \u00f3rg\u00e3os de sa\u00fade fazem alerta \u00e0 popula\u00e7\u00e3o"},"content":{"rendered":"\n<h1 class=\"wp-block-heading\"><\/h1>\n\n\n\n<div class=\"wp-block-image\"><figure class=\"aligncenter\"><img decoding=\"async\" data-src=\"http:\/\/deolhonocariri.com.br\/wp-content\/uploads\/2020\/05\/teste-coronav%C3%ADrus-paraiba-2.jpg\" alt=\"\" class=\"wp-image-81887 lazyload\" src=\"data:image\/svg+xml;base64,PHN2ZyB3aWR0aD0iMSIgaGVpZ2h0PSIxIiB4bWxucz0iaHR0cDovL3d3dy53My5vcmcvMjAwMC9zdmciPjwvc3ZnPg==\" \/><\/figure><\/div>\n\n\n\n<p>No in\u00edcio da noite desta sexta-feira(24), os munic\u00edpios de S\u00e3o Jo\u00e3o do Cariri, Sum\u00e9 e Monteiro divulgaram os seus mais novos boletins epidemiol\u00f3gicos no qual foram constatados o aumento de novos casos confirmados do novo coronav\u00edrus (Covid-19) nas \u00faltimas 24 horas nos respectivos munic\u00edpios.<\/p>\n\n\n\n<p>Em S\u00e3o Jo\u00e3o do Cariri, a Secretaria Municipal de Sa\u00fade registrou um aumento de 06 novos casos da doen\u00e7a nas \u00faltimas 24 horas. A cidade \u2018M\u00e3e do Cariri\u2019 vem passando pelo um aumento consider\u00e1vel na curva de cont\u00e1gio, contabilizando 88 casos confirmados do novo coronav\u00edrus.<\/p>\n\n\n\n<p>Pelo boletim epidemiol\u00f3gico divulgado, o centro da cidade de S\u00e3o Jo\u00e3o do Cariri \u00e9 a localidade que mais se concentra os casos, estando no momento com 69 dos 88 dos casos confirmados de todo o munic\u00edpio. S\u00e3o Jo\u00e3o do Cariri segue ainda com 24 casos suspeitos que se encontram sob investiga\u00e7\u00e3o.<\/p>\n\n\n\n<p>J\u00e1 em Sum\u00e9, foram registrados nesta sexta-feira (24), 05 casos positivos para a Covid-19. O munic\u00edpio ainda registrou 09 casos de pacientes que est\u00e3o recuperados do novo v\u00edrus. Os novos casos em Sum\u00e9, tratam-se dos seguintes pacientes que testaram positivo para o coronav\u00edrus: Mulher, 30 anos, Frei Dami\u00e3o; Mulher, 46 anos, Centro; Homem, 17 anos, Alto Alegre; Homem, 49 anos, Alto Alegre; Homem, 43 anos, Centro.<\/p>\n\n\n\n<p>Dessa forma, o munic\u00edpio de Sum\u00e9 tem 172 casos positivos, 106 recuperados, 64 ativos e 02 \u00f3bitos.<\/p>\n\n\n\n<p>E em Monteiro, a Secretaria Municipal de Sa\u00fade informou que nesta sexta-feira, 24, foram registrados o aumento de&nbsp; 03 (tr\u00eas) novos casos confirmados para Covid-19.<\/p>\n\n\n\n<p>Sendo 02 casos de 26 e 42 anos, sexo feminino e 01 caso de 24 anos sexo masculino. Todos permanecem em isolamento domiciliar, acompanhados pela Vigil\u00e2ncia em Sa\u00fade do Munic\u00edpio. A unidade municipal de sa\u00fade informou que nesta data foram registrados mais 5 (cinco) casos recuperados, totalizando, 150 casos recuperados da COVID-19. Com os novos casos, Monteiro passa a contabilizar 231 casos confirmados do novo coronav\u00edrus.<\/p>\n\n\n\n<p>As unidades municipais de sa\u00fade de S\u00e3o Jo\u00e3o do Cariri, Sum\u00e9 e Monteiro refor\u00e7am a import\u00e2ncia de toda popula\u00e7\u00e3o seguir as orienta\u00e7\u00f5es do distanciamento social, o uso de m\u00e1scaras, a higieniza\u00e7\u00e3o das m\u00e3os com \u00e1lcool 70% e demais medidas apresentadas pela Secretaria de Sa\u00fade dos respectivos munic\u00edpios.<\/p>\n\n\n\n<p><strong>De Olho no Cariri<\/strong><\/p>\n","protected":false},"excerpt":{"rendered":"<p>No in\u00edcio da noite desta sexta-feira(24), os munic\u00edpios de S\u00e3o Jo\u00e3o do Cariri, Sum\u00e9 e Monteiro divulgaram os seus mais novos boletins epidemiol\u00f3gicos no qual&hellip; <\/p>\n","protected":false},"author":2,"featured_media":180494,"comment_status":"closed","ping_status":"closed","sticky":false,"template":"","format":"standard","meta":{"sfsi_plus_gutenberg_text_before_share":"","sfsi_plus_gutenberg_show_text_before_share":"","sfsi_plus_gutenberg_icon_type":"","sfsi_plus_gutenberg_icon_alignemt":"","sfsi_plus_gutenburg_max_per_row":"","footnotes":""},"categories":[50,2],"tags":[],"class_list":["post-180493","post","type-post","status-publish","format-standard","has-post-thumbnail","hentry","category-destaque","category-geral"],"_links":{"self":[{"href":"https:\/\/www.caririemacao.com\/1\/wp-json\/wp\/v2\/posts\/180493","targetHints":{"allow":["GET"]}}],"collection":[{"href":"https:\/\/www.caririemacao.com\/1\/wp-json\/wp\/v2\/posts"}],"about":[{"href":"https:\/\/www.caririemacao.com\/1\/wp-json\/wp\/v2\/types\/post"}],"author":[{"embeddable":true,"href":"https:\/\/www.caririemacao.com\/1\/wp-json\/wp\/v2\/users\/2"}],"replies":[{"embeddable":true,"href":"https:\/\/www.caririemacao.com\/1\/wp-json\/wp\/v2\/comments?post=180493"}],"version-history":[{"count":1,"href":"https:\/\/www.caririemacao.com\/1\/wp-json\/wp\/v2\/posts\/180493\/revisions"}],"predecessor-version":[{"id":180495,"href":"https:\/\/www.caririemacao.com\/1\/wp-json\/wp\/v2\/posts\/180493\/revisions\/180495"}],"wp:featuredmedia":[{"embeddable":true,"href":"https:\/\/www.caririemacao.com\/1\/wp-json\/wp\/v2\/media\/180494"}],"wp:attachment":[{"href":"https:\/\/www.caririemacao.com\/1\/wp-json\/wp\/v2\/media?parent=180493"}],"wp:term":[{"taxonomy":"category","embeddable":true,"href":"https:\/\/www.caririemacao.com\/1\/wp-json\/wp\/v2\/categories?post=180493"},{"taxonomy":"post_tag","embeddable":true,"href":"https:\/\/www.caririemacao.com\/1\/wp-json\/wp\/v2\/tags?post=180493"}],"curies":[{"name":"wp","href":"https:\/\/api.w.org\/{rel}","templated":true}]}}