{"id":180497,"date":"2020-07-25T06:29:44","date_gmt":"2020-07-25T09:29:44","guid":{"rendered":"https:\/\/www.caririemacao.com\/1\/?p=180497"},"modified":"2020-07-25T06:29:44","modified_gmt":"2020-07-25T09:29:44","slug":"pesquisa-bolsonaro-seria-reeleito-se-a-eleicao-de-2022-fosse-hoje","status":"publish","type":"post","link":"https:\/\/www.caririemacao.com\/1\/2020\/07\/25\/pesquisa-bolsonaro-seria-reeleito-se-a-eleicao-de-2022-fosse-hoje\/","title":{"rendered":"Pesquisa: Bolsonaro seria reeleito se a elei\u00e7\u00e3o de 2022 fosse hoje"},"content":{"rendered":"\n<h1 class=\"wp-block-heading\"><\/h1>\n\n\n\n<p>Se a elei\u00e7\u00e3o presidencial de 2022 fosse hoje, o presidente Jair Bolsonaro, sem partido, seria reeleito, apesar de todo o desgaste acumulado com a gest\u00e3o da pandemia e as den\u00fancias envolvendo familiares e ex-assessores.<\/p>\n\n\n\n<p>\u00c9 o que mostra uma pesquisa que est\u00e1 sendo publicada pela revista Veja, feita pelo Instituto Paran\u00e1.&nbsp;<\/p>\n\n\n\n<p>O presidente lidera todos os cen\u00e1rios apresentados aos entrevistados, mesmo o levantamento apurando tamb\u00e9m um alto \u00edndice de gest\u00e3o \u00e0 sua gest\u00e3o.<\/p>\n\n\n\n<p>A pesquisa foi feita entre os dias 18 e 21 de julho e tem margem de erro de dois pontos porcentuais para mais ou para menos.<\/p>\n\n\n\n<p>Eis os resultados do principal cen\u00e1rio aferido, em termos de 1\u00ba turno.<\/p>\n\n\n\n<p>Jair Bolsonaro:&nbsp;<strong>29%<\/strong><\/p>\n\n\n\n<p>S\u00e9rgio Moro:&nbsp;<strong>17,1%<\/strong><\/p>\n\n\n\n<p>Fernando Haddad:&nbsp;<strong>13,4%<\/strong><\/p>\n\n\n\n<p>Nenhum:&nbsp;<strong>10%<\/strong><\/p>\n\n\n\n<p>Ciro Gomes:&nbsp;<strong>9,9%<\/strong><\/p>\n\n\n\n<p>Luciano Huck:<strong>&nbsp;6,5%<\/strong><\/p>\n\n\n\n<p>N\u00e3o sabem:&nbsp;<strong>4,9%<\/strong><\/p>\n\n\n\n<p>Jo\u00e3o Doria:<strong>&nbsp;4%<\/strong><\/p>\n\n\n\n<p>Jo\u00e3o Amo\u00eado:<strong>&nbsp;3,4%<\/strong><\/p>\n\n\n\n<p>Guilherme Boulos:&nbsp;<strong>1%<\/strong><\/p>\n\n\n\n<p>Wilson Witzel:&nbsp;<strong>0,7%<\/strong><\/p>\n","protected":false},"excerpt":{"rendered":"<p>Se a elei\u00e7\u00e3o presidencial de 2022 fosse hoje, o presidente Jair Bolsonaro, sem partido, seria reeleito, apesar de todo o desgaste acumulado com a gest\u00e3o&hellip; <\/p>\n","protected":false},"author":2,"featured_media":180498,"comment_status":"closed","ping_status":"closed","sticky":false,"template":"","format":"standard","meta":{"sfsi_plus_gutenberg_text_before_share":"","sfsi_plus_gutenberg_show_text_before_share":"","sfsi_plus_gutenberg_icon_type":"","sfsi_plus_gutenberg_icon_alignemt":"","sfsi_plus_gutenburg_max_per_row":"","footnotes":""},"categories":[50,11],"tags":[],"class_list":["post-180497","post","type-post","status-publish","format-standard","has-post-thumbnail","hentry","category-destaque","category-politica"],"_links":{"self":[{"href":"https:\/\/www.caririemacao.com\/1\/wp-json\/wp\/v2\/posts\/180497","targetHints":{"allow":["GET"]}}],"collection":[{"href":"https:\/\/www.caririemacao.com\/1\/wp-json\/wp\/v2\/posts"}],"about":[{"href":"https:\/\/www.caririemacao.com\/1\/wp-json\/wp\/v2\/types\/post"}],"author":[{"embeddable":true,"href":"https:\/\/www.caririemacao.com\/1\/wp-json\/wp\/v2\/users\/2"}],"replies":[{"embeddable":true,"href":"https:\/\/www.caririemacao.com\/1\/wp-json\/wp\/v2\/comments?post=180497"}],"version-history":[{"count":1,"href":"https:\/\/www.caririemacao.com\/1\/wp-json\/wp\/v2\/posts\/180497\/revisions"}],"predecessor-version":[{"id":180499,"href":"https:\/\/www.caririemacao.com\/1\/wp-json\/wp\/v2\/posts\/180497\/revisions\/180499"}],"wp:featuredmedia":[{"embeddable":true,"href":"https:\/\/www.caririemacao.com\/1\/wp-json\/wp\/v2\/media\/180498"}],"wp:attachment":[{"href":"https:\/\/www.caririemacao.com\/1\/wp-json\/wp\/v2\/media?parent=180497"}],"wp:term":[{"taxonomy":"category","embeddable":true,"href":"https:\/\/www.caririemacao.com\/1\/wp-json\/wp\/v2\/categories?post=180497"},{"taxonomy":"post_tag","embeddable":true,"href":"https:\/\/www.caririemacao.com\/1\/wp-json\/wp\/v2\/tags?post=180497"}],"curies":[{"name":"wp","href":"https:\/\/api.w.org\/{rel}","templated":true}]}}