{"id":180505,"date":"2020-07-25T07:30:28","date_gmt":"2020-07-25T10:30:28","guid":{"rendered":"https:\/\/www.caririemacao.com\/1\/?p=180505"},"modified":"2020-07-25T07:30:28","modified_gmt":"2020-07-25T10:30:28","slug":"ao-menos-5-dos-medicos-paraibanos-foram-infectados-pela-covid-19","status":"publish","type":"post","link":"https:\/\/www.caririemacao.com\/1\/2020\/07\/25\/ao-menos-5-dos-medicos-paraibanos-foram-infectados-pela-covid-19\/","title":{"rendered":"Ao menos 5% dos m\u00e9dicos paraibanos foram infectados pela Covid-19"},"content":{"rendered":"\n<h1 class=\"wp-block-heading\"><\/h1>\n\n\n\n<p>Em entrevista \u00e0 R\u00e1dio CBN, o Presidente do Conselho Regional de Medicina em Campina Grande, dr. Ant\u00f4nio Henrique, falou sobre o aumento de casos de profissionais de sa\u00fade diagnosticados com a Covid-19 na Para\u00edba.<\/p>\n\n\n\n<p>Ele pontuou que o Conselho tem acompanhado a situa\u00e7\u00e3o com extrema preocupa\u00e7\u00e3o, e que inclusive, t\u00eam visitado atrav\u00e9s da campanha chamada \u201cM\u00e9dicos Contra o Coronav\u00edrus\u201d, unidades hospitalares em todo o Estado, no sentido de verificar as condi\u00e7\u00f5es de trabalho dos m\u00e9dicos e exigir das autoridades que proporcionem melhorias para esses profissionais.<\/p>\n\n\n\n<p>\u201cA gente tem o registro de 534 m\u00e9dicos infectados, ou seja, em torno de 5% do total de m\u00e9dicos no Estado. O que \u00e9 um n\u00famero bastante alto comparado com outros locais\u201d<\/p>\n\n\n\n<p>O m\u00e9dico enfatizou que n\u00e3o h\u00e1 explica\u00e7\u00e3o para isso, mas que uma reuni\u00e3o foi marcada com a C\u00e2mara T\u00e9cnica de Infectologia do CRM para estudar e descobrir qual seria a explica\u00e7\u00e3o para o \u00edndice da Para\u00edba estar mais alto do que outros estados.<\/p>\n\n\n\n<p>Outras problem\u00e1ticas citadas pelo m\u00e9dico no come\u00e7o da pandemia, foi a falta de equipamentos de prote\u00e7\u00e3o individual, que pelo sobrepre\u00e7o cobrado pelos fornecedores, tanto o Governo do Estado, como as Prefeituras, tinham dificuldades para adquirir os EPI\u2019s necess\u00e1rios para os profissionais.<\/p>\n\n\n\n<p>A dificuldade citada pelo presidente do CRM foi em rela\u00e7\u00e3o \u00e0s vagas em algumas regi\u00f5es. A exemplo do Brejo paraibano, que n\u00e3o tem leitos de interna\u00e7\u00e3o para Covid.<\/p>\n\n\n\n<p>Consequentemente, os pacientes precisam ficar temporariamente em uma UPA, na cidade de Guarabira e acabam tendo que ser transferidos para Jo\u00e3o Pessoa.<\/p>\n\n\n\n<p>\u201cMuitas vezes esse tempo que \u00e9 perdido entre uma admiss\u00e3o na UPA e a transfer\u00eancia do paciente para Jo\u00e3o Pessoa, \u00e0s vezes, \u00e9 muito longo e acaba sendo prejudicial \u00e0 sa\u00fade e tratamento do paciente\u201d, pontuou.<\/p>\n\n\n\n<p>Em rela\u00e7\u00e3o aos profissionais do SAMU, ele afirmou que estes t\u00eam recebido os equipamentos de prote\u00e7\u00e3o individual, mas, t\u00eam passado por uma sobrecarga muito grande.<\/p>\n\n\n\n<p>\u201cNo caso do SAMU tem um problema adicional que \u00e9 o fato de que as pessoas est\u00e3o com medo de procurar os hospitais, ent\u00e3o, muitas vezes acabam acionando o Servi\u00e7o de Atendimento pr\u00e9 hospitalar, que \u00e9 o caso do SAMU, e sobrecarregando aquele servi\u00e7o tamb\u00e9m\u201d, explicou.<\/p>\n\n\n\n<p>Al\u00e9m disso, ele destacou que \u00e9 necess\u00e1rio lembrar que est\u00e3o aumentando tamb\u00e9m as mortes por outras causas, n\u00e3o s\u00f3 pela Covid.<\/p>\n\n\n\n<p>\u201cAs outras causas est\u00e3o matando mais por dois motivos: ou o paciente n\u00e3o procura o hospital ou n\u00e3o existe a vaga no hospital para ele. Porque a gente precisa lembrar que muitas vagas foram reservadas para pacientes com a Covid\u201d.<\/p>\n","protected":false},"excerpt":{"rendered":"<p>Em entrevista \u00e0 R\u00e1dio CBN, o Presidente do Conselho Regional de Medicina em Campina Grande, dr. Ant\u00f4nio Henrique, falou sobre o aumento de casos de&hellip; <\/p>\n","protected":false},"author":2,"featured_media":180506,"comment_status":"closed","ping_status":"closed","sticky":false,"template":"","format":"standard","meta":{"sfsi_plus_gutenberg_text_before_share":"","sfsi_plus_gutenberg_show_text_before_share":"","sfsi_plus_gutenberg_icon_type":"","sfsi_plus_gutenberg_icon_alignemt":"","sfsi_plus_gutenburg_max_per_row":"","footnotes":""},"categories":[2],"tags":[],"class_list":["post-180505","post","type-post","status-publish","format-standard","has-post-thumbnail","hentry","category-geral"],"_links":{"self":[{"href":"https:\/\/www.caririemacao.com\/1\/wp-json\/wp\/v2\/posts\/180505","targetHints":{"allow":["GET"]}}],"collection":[{"href":"https:\/\/www.caririemacao.com\/1\/wp-json\/wp\/v2\/posts"}],"about":[{"href":"https:\/\/www.caririemacao.com\/1\/wp-json\/wp\/v2\/types\/post"}],"author":[{"embeddable":true,"href":"https:\/\/www.caririemacao.com\/1\/wp-json\/wp\/v2\/users\/2"}],"replies":[{"embeddable":true,"href":"https:\/\/www.caririemacao.com\/1\/wp-json\/wp\/v2\/comments?post=180505"}],"version-history":[{"count":1,"href":"https:\/\/www.caririemacao.com\/1\/wp-json\/wp\/v2\/posts\/180505\/revisions"}],"predecessor-version":[{"id":180507,"href":"https:\/\/www.caririemacao.com\/1\/wp-json\/wp\/v2\/posts\/180505\/revisions\/180507"}],"wp:featuredmedia":[{"embeddable":true,"href":"https:\/\/www.caririemacao.com\/1\/wp-json\/wp\/v2\/media\/180506"}],"wp:attachment":[{"href":"https:\/\/www.caririemacao.com\/1\/wp-json\/wp\/v2\/media?parent=180505"}],"wp:term":[{"taxonomy":"category","embeddable":true,"href":"https:\/\/www.caririemacao.com\/1\/wp-json\/wp\/v2\/categories?post=180505"},{"taxonomy":"post_tag","embeddable":true,"href":"https:\/\/www.caririemacao.com\/1\/wp-json\/wp\/v2\/tags?post=180505"}],"curies":[{"name":"wp","href":"https:\/\/api.w.org\/{rel}","templated":true}]}}