{"id":180668,"date":"2020-07-27T09:28:35","date_gmt":"2020-07-27T12:28:35","guid":{"rendered":"https:\/\/www.caririemacao.com\/1\/?p=180668"},"modified":"2020-07-27T09:28:35","modified_gmt":"2020-07-27T12:28:35","slug":"bolsonaro-e-alvo-de-nova-queixa-no-tribunal-penal-internacional-por-atuacao-frente-a-pandemia-do-coronavirus","status":"publish","type":"post","link":"https:\/\/www.caririemacao.com\/1\/2020\/07\/27\/bolsonaro-e-alvo-de-nova-queixa-no-tribunal-penal-internacional-por-atuacao-frente-a-pandemia-do-coronavirus\/","title":{"rendered":"Bolsonaro \u00e9 alvo de nova queixa no Tribunal Penal Internacional por atua\u00e7\u00e3o frente \u00e0 pandemia do coronav\u00edrus"},"content":{"rendered":"\n<p>Profissionais da sa\u00fade apresentaram uma representa\u00e7\u00e3o criminal neste domingo (26) ao Tribunal Penal Internacional (TPI) denunciando a atua\u00e7\u00e3o do presidente da Rep\u00fablica,\u00a0Jair Bolsonaro, diante da pandemia do novo\u00a0coronav\u00edrus.<\/p>\n\n\n\n<p>A representa\u00e7\u00e3o criminal \u00e9 endere\u00e7ada \u00e0 procuradora-chefe da Corte, Fatou Bensouda, e foi protocolada por uma coaliza\u00e7\u00e3o sindical de trabalhadores da sa\u00fade. O pedido, por\u00e9m, ainda precisa ser analisado e aceito. Procurada, a\u00a0Advocacia-Geral da Uni\u00e3o\u00a0(AGU) diz que s\u00f3 ir\u00e1 se manifestar ap\u00f3s uma intima\u00e7\u00e3o.<\/p>\n\n\n\n<p>No documento, os profissionais afirmam que o presidente cometeu crimes contra a humanidade por meio de &#8220;falhas graves e mortais na condu\u00e7\u00e3o da pandemia de Covid-19&#8221;.<\/p>\n\n\n\n<p>&#8220;A materialidade dos crimes cometidos est\u00e1 devidamente confirmada, vez que se denota do exposto que as a\u00e7\u00f5es e omiss\u00f5es do senhor Presidente da Rep\u00fablica afetam de forma grave, a sa\u00fade f\u00edsica e mental da popula\u00e7\u00e3o, colocando-a a situa\u00e7\u00e3o de risco \u00e0 um v\u00edrus de alta letalidade e, com capacidade de dissemina\u00e7\u00e3o incontrolada com risco de morte ou sequelas irrevers\u00edveis. Esse comportamento irrespons\u00e1vel e afrontoso \u00e0s orienta\u00e7\u00f5es das autoridades internacionais de sa\u00fade, com a exposi\u00e7\u00e3o de milh\u00f5es de pessoas \u00e9 crime contra a humanidade&#8221;, diz a a\u00e7\u00e3o.<\/p>\n\n\n\n<p>O TPI fica em Haia, nos Pa\u00edses Baixos, e julga graves viola\u00e7\u00f5es de direitos humanos, como genoc\u00eddio, crimes contra a humanidade e crimes de guerra.<\/p>\n\n\n\n<p>O Brasil tem\u00a087.052 mortes por coronav\u00edrus\u00a0confirmadas at\u00e9 as 20h deste domingo, segundo levantamento do cons\u00f3rcio de ve\u00edculos de imprensa junto \u00e0s secretarias estaduais de sa\u00fade.<\/p>\n\n\n\n<figure class=\"wp-block-image\"><img decoding=\"async\" data-src=\"https:\/\/s03.video.glbimg.com\/x240\/8728154.jpg\" alt=\"Brasil tem 87.052 \u00f3bitos e 2.419.901 infectados com coronav\u00edrus\" title=\"Brasil tem 87.052 \u00f3bitos e 2.419.901 infectados com coronav\u00edrus\" src=\"data:image\/svg+xml;base64,PHN2ZyB3aWR0aD0iMSIgaGVpZ2h0PSIxIiB4bWxucz0iaHR0cDovL3d3dy53My5vcmcvMjAwMC9zdmciPjwvc3ZnPg==\" class=\"lazyload\" \/><\/figure>\n\n\n\n<p>Brasil tem 87.052 \u00f3bitos e 2.419.901 infectados com coronav\u00edrus<\/p>\n\n\n\n<p>De acordo com reportagem da BBC, Bolsonaro j\u00e1 \u00e9 alvo de outras quatro representa\u00e7\u00f5es criminais no tribunal. Tr\u00eas delas acusam o presidente de crime contra a humanidade por sua atua\u00e7\u00e3o diante da crise sanit\u00e1ria. A outra o\u00a0denuncia por &#8220;crimes contra a humanidade e atos que levam ao genoc\u00eddio de comunidades ind\u00edgenas e tradicionais&#8221;\u00a0do pa\u00eds.<\/p>\n\n\n\n<p>H\u00e1 duas semanas, o ministro\u00a0Gilmar Mendes, do Supremo Tribunal Federal (STF),\u00a0reafirmou a Bolsonaro\u00a0sobre o risco de o Brasil ser questionado no TPI pela pol\u00edtica de combate ao coronav\u00edrus.<\/p>\n\n\n\n<p>O grupo que protocolou a queixa \u00e9 liderado pela Rede Sindical Brasileira UNISa\u00fade. Segundo a organiza\u00e7\u00e3o, suas entidades filiadas representam mais de um milh\u00e3o de trabalhadores da sa\u00fade de todas as regi\u00f5es do pa\u00eds, tanto na esfera p\u00fablica quanto privada, em 18 estados brasileiros mais o Distrito Federal.<\/p>\n\n\n\n<p>&#8220;No entendimento da coaliz\u00e3o, h\u00e1 ind\u00edcios de que Bolsonaro tenha cometido crime contra a humanidade durante sua gest\u00e3o frente \u00e0 pandemia de Covid-19, ao adotar a\u00e7\u00f5es negligentes e irrespons\u00e1veis, que contribu\u00edram para as mais de 80 mil mortes pela doen\u00e7a no pa\u00eds. Trata-se da primeira a\u00e7\u00e3o de iniciativa dos trabalhadores da sa\u00fade na Corte Internacional&#8221;, afirmou a Rede.<\/p>\n\n\n\n<p>Os trabalhadores citam tamb\u00e9m o fato de, em meio \u00e0 pandemia, o\u00a0Minist\u00e9rio da Sa\u00fade estar h\u00e1 mais de dois meses sem um titular.<\/p>\n\n\n\n<p>Os autores da representa\u00e7\u00e3o argumentam que Bolsonaro colocou e ainda coloca os profissionais de sa\u00fade bem como toda a popula\u00e7\u00e3o em risco, &#8220;ao promover aglomera\u00e7\u00e3o de seus apoiadores, aproximando-se deles sem m\u00e1scara, e fazendo propaganda de medica\u00e7\u00e3o, como a hidroxicloroquina, para a qual n\u00e3o h\u00e1 comprova\u00e7\u00e3o cient\u00edfica de sua efic\u00e1cia contra a doen\u00e7a&#8221;.<\/p>\n\n\n\n<p>A representa\u00e7\u00e3o faz os seguintes pedidos ao tribunal:<\/p>\n\n\n\n<ul class=\"wp-block-list\"><li>receber a representa\u00e7\u00e3o para abertura de procedimento investigat\u00f3rio do cometimento de crime contra a humanidade e consequente instaura\u00e7\u00e3o de procedimento criminal;<\/li><li>solicitar ao Governo Federal as necess\u00e1rias informa\u00e7\u00f5es quanto as den\u00fancias feitas na a\u00e7\u00e3o;<\/li><li>chamar o presidente Jair Bolsonaro a prestar depoimento, sob pena de confiss\u00e3o caso recuse;<\/li><li>ap\u00f3s o regular processamento, julgar a a\u00e7\u00e3o penal procedente e condenar o presidente nas penas que a Corte entender cab\u00edveis.<\/li><\/ul>\n\n\n\n<h2 class=\"wp-block-heading\">O que \u00e9 o TPI?<\/h2>\n\n\n\n<p>O Tribunal Penal Internacional investiga e julga indiv\u00edduos acusados de crimes que atingem uma sociedade e chocam a comunidade internacional, tais como genoc\u00eddio, crimes de guerra, crimes contra a humanidade e crime de agress\u00e3o.<\/p>\n\n\n\n<p>A Corte foi estabelecida pelo Estatuto de Roma, em julho de 1998, e entrou em vigor em julho de 2002, quando houve a ades\u00e3o do 60\u00ba pa\u00eds. O Estatuto de Roma \u00e9 um tratado internacional, obrigat\u00f3rio somente aos Estados que expressaram formalmente seu consentimento, como \u00e9 o caso do Brasil.<\/p>\n\n\n\n<p>Segundo o TPI, &#8220;qualquer indiv\u00edduo, grupo ou Estado pode enviar informa\u00e7\u00f5es sobre supostos crimes sob a jurisdi\u00e7\u00e3o do tribunal&#8221;. &#8220;At\u00e9 a presente data, o TPI recebeu mais de 12 mil dessas comunica\u00e7\u00f5es, que podem formar a base inicial dos exames preliminares do escrit\u00f3rio.&#8221;<\/p>\n\n\n\n<p>&#8220;O TPI realiza um exame preliminar para decidir se existe uma base razo\u00e1vel para iniciar uma investiga\u00e7\u00e3o.&#8221;<\/p>\n\n\n\n<p>com g1<\/p>\n","protected":false},"excerpt":{"rendered":"<p>Profissionais da sa\u00fade apresentaram uma representa\u00e7\u00e3o criminal neste domingo (26) ao Tribunal Penal Internacional (TPI) denunciando a atua\u00e7\u00e3o do presidente da Rep\u00fablica,\u00a0Jair Bolsonaro, diante da&hellip; <\/p>\n","protected":false},"author":1,"featured_media":178196,"comment_status":"closed","ping_status":"closed","sticky":false,"template":"","format":"standard","meta":{"sfsi_plus_gutenberg_text_before_share":"","sfsi_plus_gutenberg_show_text_before_share":"","sfsi_plus_gutenberg_icon_type":"","sfsi_plus_gutenberg_icon_alignemt":"","sfsi_plus_gutenburg_max_per_row":"","footnotes":""},"categories":[50,11],"tags":[],"class_list":["post-180668","post","type-post","status-publish","format-standard","has-post-thumbnail","hentry","category-destaque","category-politica"],"_links":{"self":[{"href":"https:\/\/www.caririemacao.com\/1\/wp-json\/wp\/v2\/posts\/180668","targetHints":{"allow":["GET"]}}],"collection":[{"href":"https:\/\/www.caririemacao.com\/1\/wp-json\/wp\/v2\/posts"}],"about":[{"href":"https:\/\/www.caririemacao.com\/1\/wp-json\/wp\/v2\/types\/post"}],"author":[{"embeddable":true,"href":"https:\/\/www.caririemacao.com\/1\/wp-json\/wp\/v2\/users\/1"}],"replies":[{"embeddable":true,"href":"https:\/\/www.caririemacao.com\/1\/wp-json\/wp\/v2\/comments?post=180668"}],"version-history":[{"count":1,"href":"https:\/\/www.caririemacao.com\/1\/wp-json\/wp\/v2\/posts\/180668\/revisions"}],"predecessor-version":[{"id":180671,"href":"https:\/\/www.caririemacao.com\/1\/wp-json\/wp\/v2\/posts\/180668\/revisions\/180671"}],"wp:featuredmedia":[{"embeddable":true,"href":"https:\/\/www.caririemacao.com\/1\/wp-json\/wp\/v2\/media\/178196"}],"wp:attachment":[{"href":"https:\/\/www.caririemacao.com\/1\/wp-json\/wp\/v2\/media?parent=180668"}],"wp:term":[{"taxonomy":"category","embeddable":true,"href":"https:\/\/www.caririemacao.com\/1\/wp-json\/wp\/v2\/categories?post=180668"},{"taxonomy":"post_tag","embeddable":true,"href":"https:\/\/www.caririemacao.com\/1\/wp-json\/wp\/v2\/tags?post=180668"}],"curies":[{"name":"wp","href":"https:\/\/api.w.org\/{rel}","templated":true}]}}