{"id":180670,"date":"2020-07-27T10:55:11","date_gmt":"2020-07-27T13:55:11","guid":{"rendered":"https:\/\/www.caririemacao.com\/1\/?p=180670"},"modified":"2020-07-27T10:55:11","modified_gmt":"2020-07-27T13:55:11","slug":"patrimonio-dos-super-ricos-brasileiros-cresce-us-34-bilhoes-durante-a-pandemia-diz-oxfam","status":"publish","type":"post","link":"https:\/\/www.caririemacao.com\/1\/2020\/07\/27\/patrimonio-dos-super-ricos-brasileiros-cresce-us-34-bilhoes-durante-a-pandemia-diz-oxfam\/","title":{"rendered":"Patrim\u00f4nio dos super-ricos brasileiros cresce US$ 34 bilh\u00f5es durante a pandemia, diz Oxfam"},"content":{"rendered":"\n<p>O patrim\u00f4nio dos bilion\u00e1rios brasileiros aumentou US$ 34 bilh\u00f5es (cerca de R$ 176 bilh\u00f5es) durante a pandemia de\u00a0coronav\u00edrus, segundo um levantamento da ONG Oxfam divulgado nesta segunda-feira (27).<\/p>\n\n\n\n<p>Segundo o estudo da organiza\u00e7\u00e3o, entre 18 de mar\u00e7o e 12 de julho, o patrim\u00f4nio dos 42 bilion\u00e1rios do Brasil passou de US$ 123,1 bilh\u00f5es para US$ 157,1 bilh\u00f5es. Os dados compilados pela Oxfam foram extra\u00eddos da lista dos mais ricos da Forbes.<\/p>\n\n\n\n<p>O mesmo cen\u00e1rio se observa quando se analisa o desempenho das fortunas dos 73 bilion\u00e1rios da Am\u00e9rica Latina e do Caribe. Eles aumentaram as suas fortunas em US$ 48,2 bilh\u00f5es entre mar\u00e7o e julho deste ano. Segundo a Oxfam, esse valor equivale a\u00a0um ter\u00e7o do total de recursos previstos em pacotes de est\u00edmulos econ\u00f4micos adotados por todos os pa\u00edses da regi\u00e3o.<\/p>\n\n\n\n<blockquote class=\"wp-block-quote is-layout-flow wp-block-quote-is-layout-flow\"><p>\u201cA Covid-19 n\u00e3o \u00e9 igual para todos. Enquanto a maioria da popula\u00e7\u00e3o se arrisca a ser contaminada para n\u00e3o perder emprego ou para comprar o alimento da sua fam\u00edlia no dia seguinte, os bilion\u00e1rios n\u00e3o t\u00eam com o que se preocupar\u201d, diz a diretora executiva da Oxfam, Katia Maia.<\/p><\/blockquote>\n\n\n\n<p>Segundo a ONG, desde o in\u00edcio das medidas de distanciamento social adotadas para evitar a prolifera\u00e7\u00e3o coronav\u00edrus, oito novos bilion\u00e1rios surgiram na regi\u00e3o &#8211; um a cada duas semanas.<\/p>\n\n\n\n<figure class=\"wp-block-image\"><img decoding=\"async\" data-src=\"https:\/\/s02.video.glbimg.com\/x240\/8682125.jpg\" alt=\"OIT: &quot;crise sem precedentes&quot; por causa da pandemia de Covid-19\" title=\"OIT: &quot;crise sem precedentes&quot; por causa da pandemia de Covid-19\" src=\"data:image\/svg+xml;base64,PHN2ZyB3aWR0aD0iMSIgaGVpZ2h0PSIxIiB4bWxucz0iaHR0cDovL3d3dy53My5vcmcvMjAwMC9zdmciPjwvc3ZnPg==\" class=\"lazyload\" \/><\/figure>\n\n\n\n<p>OIT: &#8220;crise sem precedentes&#8221; por causa da pandemia de Covid-19<\/p>\n\n\n\n<p>Em paralelo com o aumento da quantidade de bilion\u00e1rios na Am\u00e9rica Latina e no Caribe, o n\u00famero de desempregados tamb\u00e9m cresce. A Organiza\u00e7\u00e3o Internacional do Trabalho (OIT) j\u00e1 apurou que a pandemia de\u00a0coronav\u00edrus deixou 41 milh\u00f5es de desempregados na regi\u00e3o. J\u00e1 o Banco Mundial estima que\u00a050 milh\u00f5es de latino-americanos cair\u00e3o abaixo da linha da pobreza este ano<\/p>\n\n\n\n<p>No documento divulgado nesta segunda, batizado de \u201cQuem Paga a Conta? \u2013 Taxar a Riqueza para Enfrentar a Crise da Covid na Am\u00e9rica Latina e Caribe&#8221;, a Oxfam prop\u00f5e que os bilion\u00e1rios paguem impostos extraordin\u00e1rios e que o sistema tribut\u00e1rio se torne mais progressivo.<\/p>\n\n\n\n<p>COM G1<\/p>\n","protected":false},"excerpt":{"rendered":"<p>O patrim\u00f4nio dos bilion\u00e1rios brasileiros aumentou US$ 34 bilh\u00f5es (cerca de R$ 176 bilh\u00f5es) durante a pandemia de\u00a0coronav\u00edrus, segundo um levantamento da ONG Oxfam divulgado&hellip; <\/p>\n","protected":false},"author":1,"featured_media":180684,"comment_status":"closed","ping_status":"closed","sticky":false,"template":"","format":"standard","meta":{"sfsi_plus_gutenberg_text_before_share":"","sfsi_plus_gutenberg_show_text_before_share":"","sfsi_plus_gutenberg_icon_type":"","sfsi_plus_gutenberg_icon_alignemt":"","sfsi_plus_gutenburg_max_per_row":"","footnotes":""},"categories":[2],"tags":[],"class_list":["post-180670","post","type-post","status-publish","format-standard","has-post-thumbnail","hentry","category-geral"],"_links":{"self":[{"href":"https:\/\/www.caririemacao.com\/1\/wp-json\/wp\/v2\/posts\/180670","targetHints":{"allow":["GET"]}}],"collection":[{"href":"https:\/\/www.caririemacao.com\/1\/wp-json\/wp\/v2\/posts"}],"about":[{"href":"https:\/\/www.caririemacao.com\/1\/wp-json\/wp\/v2\/types\/post"}],"author":[{"embeddable":true,"href":"https:\/\/www.caririemacao.com\/1\/wp-json\/wp\/v2\/users\/1"}],"replies":[{"embeddable":true,"href":"https:\/\/www.caririemacao.com\/1\/wp-json\/wp\/v2\/comments?post=180670"}],"version-history":[{"count":1,"href":"https:\/\/www.caririemacao.com\/1\/wp-json\/wp\/v2\/posts\/180670\/revisions"}],"predecessor-version":[{"id":180685,"href":"https:\/\/www.caririemacao.com\/1\/wp-json\/wp\/v2\/posts\/180670\/revisions\/180685"}],"wp:featuredmedia":[{"embeddable":true,"href":"https:\/\/www.caririemacao.com\/1\/wp-json\/wp\/v2\/media\/180684"}],"wp:attachment":[{"href":"https:\/\/www.caririemacao.com\/1\/wp-json\/wp\/v2\/media?parent=180670"}],"wp:term":[{"taxonomy":"category","embeddable":true,"href":"https:\/\/www.caririemacao.com\/1\/wp-json\/wp\/v2\/categories?post=180670"},{"taxonomy":"post_tag","embeddable":true,"href":"https:\/\/www.caririemacao.com\/1\/wp-json\/wp\/v2\/tags?post=180670"}],"curies":[{"name":"wp","href":"https:\/\/api.w.org\/{rel}","templated":true}]}}