{"id":180674,"date":"2020-07-27T10:40:24","date_gmt":"2020-07-27T13:40:24","guid":{"rendered":"https:\/\/www.caririemacao.com\/1\/?p=180674"},"modified":"2020-07-27T10:40:24","modified_gmt":"2020-07-27T13:40:24","slug":"smds-de-monteiro-promove-2a-roda-de-dialogos-sobre-as-politicas-publicas-voltadas-para-o-publico-lgbtq","status":"publish","type":"post","link":"https:\/\/www.caririemacao.com\/1\/2020\/07\/27\/smds-de-monteiro-promove-2a-roda-de-dialogos-sobre-as-politicas-publicas-voltadas-para-o-publico-lgbtq\/","title":{"rendered":"SMDS De Monteiro promove 2\u00aa roda de di\u00e1logos sobre as Pol\u00edticas P\u00fablicas voltadas para o p\u00fablico LGBTQ+"},"content":{"rendered":"\n<p>A Secretaria de Desenvolvimento Social do munic\u00edpio de Monteiro realizar\u00e1 a 2\u00aa edi\u00e7\u00e3o da Roda de di\u00e1logos sobre as Pol\u00edticas P\u00fablicas voltadas para o p\u00fablico LGBTQ+ .<\/p>\n\n\n\n<p>Neste ano, devido \u00e0 pandemia, o evento vai acontecer de forma online atrav\u00e9s do aplicativo Google Meet no dia de julho \u00e0s 19:00h de forma totalmente gratuita.<\/p>\n\n\n\n<p>Nesta edi\u00e7\u00e3o os expositores ser\u00e3o: Anna Lorena &#8211; Prefeita &nbsp;&#8211; Tema: A\u00e7\u00f5es desenvolvidas para o p\u00fablico LGBT; L\u00eddia Moura &#8211; Secret\u00e1ria de Estado da Mulher e da Diversidade Humana \u2013 Tema: Pol\u00edticas P\u00fablicas&nbsp; Estaduais Voltadas para o p\u00fablico LGBT; Natanaelson Silva Honorato &#8211; Advogado do Creas Municipal- Tema: Legisla\u00e7\u00e3o; Gabriel Rolim &#8211; Psic\u00f3logo do Creas \u2013 Tema: G\u00eanero e sexualidade.<\/p>\n\n\n\n<p>De acordo com a secret\u00e1ria executiva da pasta no munic\u00edpio, Silvania Mayer, esta roda de di\u00e1logo vai poder proporcionar mais uma vez aos que estiverem participando, um conhecimento mais aprofundando sobre a pol\u00edtica LGBT. \u201cEste momento \u00e9 muito importante para todos os participantes e para a popula\u00e7\u00e3o em geral. Vamos tratar sobre assuntos pertinentes as pol\u00edticas LGBT nos espa\u00e7os p\u00fablicos do munic\u00edpio, as quest\u00f5es envolvendo a sexualidade, a forma de abordagem acolhimento, atendimento, de forma a manter sempre o respeito ao ser humano e as suas escolhas\u201d, destacou.<\/p>\n\n\n\n<p>Servi\u00e7o:<br>Evento: 2\u00aa edi\u00e7\u00e3o da Roda de di\u00e1logos sobre as Pol\u00edticas P\u00fablicas voltadas para o p\u00fablico LGBTQ+<br>Data: 28 de julho \u00e0s 19:00h<br>Onde: Aplicativo&nbsp; Google Meet.<\/p>\n\n\n\n<p>Programa\u00e7\u00e3o:<\/p>\n\n\n\n<p>Anna Lorena &#8211; Prefeita &nbsp;&#8211; Tema: A\u00e7\u00f5es desenvolvidas para o p\u00fablico LGBT<\/p>\n\n\n\n<p>L\u00eddia Moura &#8211; Secret\u00e1ria de Estado da Mulher e da Diversidade Humana \u2013 Tema: Pol\u00edticas P\u00fablicas&nbsp; Estaduais Voltadas para o p\u00fablico LGBT<\/p>\n\n\n\n<p>Natanaelson Silva Honorato &#8211; Advogado do Creas Municipal- Tema: Legisla\u00e7\u00e3o<\/p>\n\n\n\n<p>Gabriel Rolim &#8211; Psic\u00f3logo do Creas \u2013 Tema: G\u00eanero e sexualidade&nbsp;<\/p>\n","protected":false},"excerpt":{"rendered":"<p>A Secretaria de Desenvolvimento Social do munic\u00edpio de Monteiro realizar\u00e1 a 2\u00aa edi\u00e7\u00e3o da Roda de di\u00e1logos sobre as Pol\u00edticas P\u00fablicas voltadas para o p\u00fablico&hellip; <\/p>\n","protected":false},"author":1,"featured_media":180675,"comment_status":"closed","ping_status":"closed","sticky":false,"template":"","format":"standard","meta":{"sfsi_plus_gutenberg_text_before_share":"","sfsi_plus_gutenberg_show_text_before_share":"","sfsi_plus_gutenberg_icon_type":"","sfsi_plus_gutenberg_icon_alignemt":"","sfsi_plus_gutenburg_max_per_row":"","footnotes":""},"categories":[6,50],"tags":[],"class_list":["post-180674","post","type-post","status-publish","format-standard","has-post-thumbnail","hentry","category-cidades","category-destaque"],"_links":{"self":[{"href":"https:\/\/www.caririemacao.com\/1\/wp-json\/wp\/v2\/posts\/180674","targetHints":{"allow":["GET"]}}],"collection":[{"href":"https:\/\/www.caririemacao.com\/1\/wp-json\/wp\/v2\/posts"}],"about":[{"href":"https:\/\/www.caririemacao.com\/1\/wp-json\/wp\/v2\/types\/post"}],"author":[{"embeddable":true,"href":"https:\/\/www.caririemacao.com\/1\/wp-json\/wp\/v2\/users\/1"}],"replies":[{"embeddable":true,"href":"https:\/\/www.caririemacao.com\/1\/wp-json\/wp\/v2\/comments?post=180674"}],"version-history":[{"count":1,"href":"https:\/\/www.caririemacao.com\/1\/wp-json\/wp\/v2\/posts\/180674\/revisions"}],"predecessor-version":[{"id":180676,"href":"https:\/\/www.caririemacao.com\/1\/wp-json\/wp\/v2\/posts\/180674\/revisions\/180676"}],"wp:featuredmedia":[{"embeddable":true,"href":"https:\/\/www.caririemacao.com\/1\/wp-json\/wp\/v2\/media\/180675"}],"wp:attachment":[{"href":"https:\/\/www.caririemacao.com\/1\/wp-json\/wp\/v2\/media?parent=180674"}],"wp:term":[{"taxonomy":"category","embeddable":true,"href":"https:\/\/www.caririemacao.com\/1\/wp-json\/wp\/v2\/categories?post=180674"},{"taxonomy":"post_tag","embeddable":true,"href":"https:\/\/www.caririemacao.com\/1\/wp-json\/wp\/v2\/tags?post=180674"}],"curies":[{"name":"wp","href":"https:\/\/api.w.org\/{rel}","templated":true}]}}