{"id":180677,"date":"2020-07-27T10:45:48","date_gmt":"2020-07-27T13:45:48","guid":{"rendered":"https:\/\/www.caririemacao.com\/1\/?p=180677"},"modified":"2020-07-27T10:45:48","modified_gmt":"2020-07-27T13:45:48","slug":"secretaria-de-educacao-de-monteiro-entrega-atividades-e-kits-nutricionias-aos-alunos-da-rede-municipal","status":"publish","type":"post","link":"https:\/\/www.caririemacao.com\/1\/2020\/07\/27\/secretaria-de-educacao-de-monteiro-entrega-atividades-e-kits-nutricionias-aos-alunos-da-rede-municipal\/","title":{"rendered":"Secretaria de Educa\u00e7\u00e3o de Monteiro entrega atividades e kits nutricionias aos alunos da rede  municipal"},"content":{"rendered":"\n<p>A Secretaria de Educa\u00e7\u00e3o do munic\u00edpio de Monteiro deu in\u00edcio a mais uma entrega de atividades escolares e kits nutricionais aos estudantes da Rede Municipal.<\/p>\n\n\n\n<p>Nesta semana as escolas Adalice Rem\u00edgio, Creche Francisca Mineiro, Ara\u00fajo Valen\u00e7a, Creche Dr. Fernando Paraguay receberam as atividades e kits nutricionais fornecidos pela Prefeitura de Monteiro devido a pandemia que impossibilita a realiza\u00e7\u00e3o presencial das aulas. As demais escolas abrir\u00e3o nesta segunda e ter\u00e7a-feira, dias 27 e 28 respectivamente, para realizar as entregas aos demais alunos do Ensino Fundamental I e II.<\/p>\n\n\n\n<p>Os pais podem receber o material para estudo e os itens de alimenta\u00e7\u00e3o nos hor\u00e1rios: das 07 \u00e0s 11h e das 13 \u00e0s 17 horas.<\/p>\n\n\n\n<p>Os professores ainda pedem que os pais ou respons\u00e1veis levem as atividades j\u00e1 realizadas pelos alunos.<\/p>\n\n\n\n<p>\u201cEstamos percebendo que os alunos est\u00e3o realizando as atividades e esperam com bastante expectativas os pr\u00f3ximos exerc\u00edcios. Quanto aos Kits, estes est\u00e3o sendo um aux\u00edlio para estas fam\u00edlias, garantindo uma nutri\u00e7\u00e3o adequada \u00e0s crian\u00e7as mesmo distante da escola. Com f\u00e9 em Deus vamos vencer esta pandemia. Lembramos, ainda, aos pais que previnam-se usando m\u00e1scaras e fazendo todos os procedimentos recomendados pela Secretaria de Sa\u00fade\u201d, comenta a secret\u00e1ria da pasta, Ana Lima.<\/p>\n\n\n\n<p><\/p>\n","protected":false},"excerpt":{"rendered":"<p>A Secretaria de Educa\u00e7\u00e3o do munic\u00edpio de Monteiro deu in\u00edcio a mais uma entrega de atividades escolares e kits nutricionais aos estudantes da Rede Municipal.&hellip; <\/p>\n","protected":false},"author":1,"featured_media":180678,"comment_status":"closed","ping_status":"closed","sticky":false,"template":"","format":"standard","meta":{"sfsi_plus_gutenberg_text_before_share":"","sfsi_plus_gutenberg_show_text_before_share":"","sfsi_plus_gutenberg_icon_type":"","sfsi_plus_gutenberg_icon_alignemt":"","sfsi_plus_gutenburg_max_per_row":"","footnotes":""},"categories":[6,50],"tags":[],"class_list":["post-180677","post","type-post","status-publish","format-standard","has-post-thumbnail","hentry","category-cidades","category-destaque"],"_links":{"self":[{"href":"https:\/\/www.caririemacao.com\/1\/wp-json\/wp\/v2\/posts\/180677","targetHints":{"allow":["GET"]}}],"collection":[{"href":"https:\/\/www.caririemacao.com\/1\/wp-json\/wp\/v2\/posts"}],"about":[{"href":"https:\/\/www.caririemacao.com\/1\/wp-json\/wp\/v2\/types\/post"}],"author":[{"embeddable":true,"href":"https:\/\/www.caririemacao.com\/1\/wp-json\/wp\/v2\/users\/1"}],"replies":[{"embeddable":true,"href":"https:\/\/www.caririemacao.com\/1\/wp-json\/wp\/v2\/comments?post=180677"}],"version-history":[{"count":1,"href":"https:\/\/www.caririemacao.com\/1\/wp-json\/wp\/v2\/posts\/180677\/revisions"}],"predecessor-version":[{"id":180679,"href":"https:\/\/www.caririemacao.com\/1\/wp-json\/wp\/v2\/posts\/180677\/revisions\/180679"}],"wp:featuredmedia":[{"embeddable":true,"href":"https:\/\/www.caririemacao.com\/1\/wp-json\/wp\/v2\/media\/180678"}],"wp:attachment":[{"href":"https:\/\/www.caririemacao.com\/1\/wp-json\/wp\/v2\/media?parent=180677"}],"wp:term":[{"taxonomy":"category","embeddable":true,"href":"https:\/\/www.caririemacao.com\/1\/wp-json\/wp\/v2\/categories?post=180677"},{"taxonomy":"post_tag","embeddable":true,"href":"https:\/\/www.caririemacao.com\/1\/wp-json\/wp\/v2\/tags?post=180677"}],"curies":[{"name":"wp","href":"https:\/\/api.w.org\/{rel}","templated":true}]}}