{"id":180687,"date":"2020-07-27T10:59:47","date_gmt":"2020-07-27T13:59:47","guid":{"rendered":"https:\/\/www.caririemacao.com\/1\/?p=180687"},"modified":"2020-07-27T10:59:47","modified_gmt":"2020-07-27T13:59:47","slug":"decisao-que-determinou-reducao-de-mensalidades-escolares-durante-pandemia-na-paraiba-e-suspensa-pela-justica","status":"publish","type":"post","link":"https:\/\/www.caririemacao.com\/1\/2020\/07\/27\/decisao-que-determinou-reducao-de-mensalidades-escolares-durante-pandemia-na-paraiba-e-suspensa-pela-justica\/","title":{"rendered":"Decis\u00e3o que determinou redu\u00e7\u00e3o de mensalidades escolares durante pandemia na Para\u00edba \u00e9 suspensa pela Justi\u00e7a"},"content":{"rendered":"\n<h1 class=\"wp-block-heading\"><\/h1>\n\n\n\n<p>O desembargador Leandro dos Santos suspendeu a decis\u00e3o do Ju\u00edzo da 9\u00aa Vara C\u00edvel da Capital, que determinou a revis\u00e3o do contrato celebrado entre um estudante e o Centro Universit\u00e1rio de Jo\u00e3o Pessoa &#8211; Unip\u00ea, com a redu\u00e7\u00e3o de 25% do valor das mensalidades, a partir de 1\u00ba de abril at\u00e9 a data do retorno normal das aulas. Da decis\u00e3o cabe recurso.<\/p>\n\n\n\n<p>Ao questionar a decis\u00e3o de 1\u00ba Grau, a institui\u00e7\u00e3o de ensino alegou que, em virtude da pandemia ocasionada pela Covid-19, est\u00e1 suportando uma inadimpl\u00eancia na ordem de 33,5%, sem contar com a evas\u00e3o de alunos na ordem de 5,71%.<\/p>\n\n\n\n<p>Acrescentou, ainda, que o MEC autorizou, expressamente, a mudan\u00e7a para o regime de aulas em formato digital. Al\u00e9m disso, a Secretaria Nacional do Consumidor teria reconhecido atrav\u00e9s da Nota T\u00e9cnica n\u00ba 14\/2020 o direito das institui\u00e7\u00f5es de ensino efetuarem a cobran\u00e7a regular das suas mensalidades escolares nos moldes estipulados nos seus contratos de presta\u00e7\u00e3o de servi\u00e7os educacionais, enquanto perdurar a situa\u00e7\u00e3o da pandemia Covid-19.<\/p>\n\n\n\n<p>Por fim, mencionou a suspens\u00e3o da Lei Estadual n\u00ba 11.964\/2020, atrav\u00e9s de uma medida cautelar deferida nos autos de A\u00e7\u00e3o Direta de Inconstitucionalidade, de relatoria da desembargadora Maria das Gra\u00e7as Morais Guedes. A lei que foi suspensa disp\u00f5e sobre a repactua\u00e7\u00e3o provis\u00f3ria e o reequil\u00edbrio dos contratos de consumo educacionais nas escolas de ensino infantil, fundamental e m\u00e9dio, universidades e cursos pr\u00e9-vestibulares, em raz\u00e3o da n\u00e3o realiza\u00e7\u00e3o de aulas presenciais ocasionada pela pandemia da Covid-19 no \u00e2mbito do Estado da Para\u00edba.<\/p>\n\n\n\n<p>Ao julgar o Agravo de Instrumento, o desembargador Leandro dos Santos entendeu que a decis\u00e3o que concedeu o desconto de 25% das mensalidades vai de encontro ao entendimento firmado pelo Tribunal de Justi\u00e7a.<\/p>\n","protected":false},"excerpt":{"rendered":"<p>O desembargador Leandro dos Santos suspendeu a decis\u00e3o do Ju\u00edzo da 9\u00aa Vara C\u00edvel da Capital, que determinou a revis\u00e3o do contrato celebrado entre um&hellip; <\/p>\n","protected":false},"author":2,"featured_media":180688,"comment_status":"closed","ping_status":"closed","sticky":false,"template":"","format":"standard","meta":{"sfsi_plus_gutenberg_text_before_share":"","sfsi_plus_gutenberg_show_text_before_share":"","sfsi_plus_gutenberg_icon_type":"","sfsi_plus_gutenberg_icon_alignemt":"","sfsi_plus_gutenburg_max_per_row":"","footnotes":""},"categories":[2],"tags":[],"class_list":["post-180687","post","type-post","status-publish","format-standard","has-post-thumbnail","hentry","category-geral"],"_links":{"self":[{"href":"https:\/\/www.caririemacao.com\/1\/wp-json\/wp\/v2\/posts\/180687","targetHints":{"allow":["GET"]}}],"collection":[{"href":"https:\/\/www.caririemacao.com\/1\/wp-json\/wp\/v2\/posts"}],"about":[{"href":"https:\/\/www.caririemacao.com\/1\/wp-json\/wp\/v2\/types\/post"}],"author":[{"embeddable":true,"href":"https:\/\/www.caririemacao.com\/1\/wp-json\/wp\/v2\/users\/2"}],"replies":[{"embeddable":true,"href":"https:\/\/www.caririemacao.com\/1\/wp-json\/wp\/v2\/comments?post=180687"}],"version-history":[{"count":1,"href":"https:\/\/www.caririemacao.com\/1\/wp-json\/wp\/v2\/posts\/180687\/revisions"}],"predecessor-version":[{"id":180689,"href":"https:\/\/www.caririemacao.com\/1\/wp-json\/wp\/v2\/posts\/180687\/revisions\/180689"}],"wp:featuredmedia":[{"embeddable":true,"href":"https:\/\/www.caririemacao.com\/1\/wp-json\/wp\/v2\/media\/180688"}],"wp:attachment":[{"href":"https:\/\/www.caririemacao.com\/1\/wp-json\/wp\/v2\/media?parent=180687"}],"wp:term":[{"taxonomy":"category","embeddable":true,"href":"https:\/\/www.caririemacao.com\/1\/wp-json\/wp\/v2\/categories?post=180687"},{"taxonomy":"post_tag","embeddable":true,"href":"https:\/\/www.caririemacao.com\/1\/wp-json\/wp\/v2\/tags?post=180687"}],"curies":[{"name":"wp","href":"https:\/\/api.w.org\/{rel}","templated":true}]}}