{"id":180691,"date":"2020-07-27T11:03:34","date_gmt":"2020-07-27T14:03:34","guid":{"rendered":"https:\/\/www.caririemacao.com\/1\/?p=180691"},"modified":"2020-07-27T11:03:34","modified_gmt":"2020-07-27T14:03:34","slug":"aposentados-fazem-campanha-por-14o-salario-do-inss","status":"publish","type":"post","link":"https:\/\/www.caririemacao.com\/1\/2020\/07\/27\/aposentados-fazem-campanha-por-14o-salario-do-inss\/","title":{"rendered":"Aposentados fazem campanha por 14\u00ba sal\u00e1rio do INSS"},"content":{"rendered":"\n<h1 class=\"wp-block-heading\"><\/h1>\n\n\n\n<p>Tramita no Senado um projeto de lei ( n\u00ba 3.657\/2020) que pretende pagar o dobro da gratifica\u00e7\u00e3o aos segurados e dependente do RGPS (Regime Geral da Previd\u00eancia Social) como forma de compensa\u00e7\u00e3o ao impacto econ\u00f4mico negativo da pandemia do coronav\u00edrus.<\/p>\n\n\n\n<p>O pagamento, de acordo com a proposta, seria feito apenas em 2020. Neste ano, as duas parcelas do 13\u00ba dos aposentados foram adiantadas no primeiro semestre.<br>Apresentado no in\u00edcio de julho pelo senador Paulo Paim (PT-RS), o projeto de lei justifica que, devido ao adiantamento do 13\u00ba para suporte na etapa inicial da pandemia, os aposentados e pensionistas do INSS n\u00e3o ter\u00e3o qualquer benef\u00edcio no m\u00eas de dezembro.<\/p>\n\n\n\n<p>&#8220;Assim, o 14\u00b0 emergencial socorrer\u00e1 aposentados que fazem parte do grupo de risco e injetar\u00e1 recursos na economia, movimentando o com\u00e9rcio no m\u00eas de janeiro de 2021&#8221;, diz o texto.<\/p>\n\n\n\n<p>O projeto surgiu na forma de uma ideia legislativa popular apresentada pelo advogado Sandro Gon\u00e7alves. A iniciativa foi, ent\u00e3o, transformada em uma sugest\u00e3o, que, por sua vez, teve parecer favor\u00e1vel do senador Paulo Paim. Depois disso, o parlamentar apresentou o projeto de lei com a proposta sugerida no in\u00edcio de julho.<\/p>\n\n\n\n<p>Sindicato defende grana extra O Sindnapi (Sindicato dos Aposentados, Pensionistas e Idosos) defende que os aposentados e pensionistas foram a \u00fanica classe que n\u00e3o recebeu ajuda do governo federal.<\/p>\n\n\n\n<p>Empresas, pequenos neg\u00f3cios, profissionais informais e m\u00e3es chefes de fam\u00edlia, por exemplo, foram beneficiados com diferentes tipos de aux\u00edlios e incentivos durante a pandemia, como o aux\u00edlio emergencial, linhas de cr\u00e9dito e possibilidade de redu\u00e7\u00e3o de jornada e sal\u00e1rio de funcion\u00e1rios.<\/p>\n\n\n\n<p>&#8220;Empresas e trabalhadores foram, justamente, beneficiados em alguma coisa. S\u00f3 o aposentado que n\u00e3o foi. \u00c9 uma categoria muito grande que n\u00e3o pode ser esquecida&#8221;, diz Jo\u00e3o Inocentini, presidente do sindicato.<\/p>\n\n\n\n<p>O representante da categoria diz, ainda, que a antecipa\u00e7\u00e3o do 13\u00ba foi ben\u00e9fica, mas que os segurados gastaram o dinheiro liberado com emerg\u00eancias causadas pela pandemia.&nbsp;<\/p>\n\n\n\n<p>De acordo com ele, dados da Previd\u00eancia Social mostram que 67,5% dos aposentados e pensionistas sobrevivem com um sal\u00e1rio m\u00ednimo, este ano em R$ 1.045.<\/p>\n\n\n\n<p>&#8220;Muitos aposentados s\u00e3o a principal renda da fam\u00edlia. Cerca de 10 milh\u00f5es de cidad\u00e3os economicamente ativos que perderam o emprego passaram a depender da ajuda de familiares benefici\u00e1rios do INSS&#8221;, afirma Inocentini.<\/p>\n\n\n\n<p>A categoria encaminhou of\u00edcio ao deputado Rodrigo Maia (DEM-RJ), presidente da C\u00e2mara, cobrando posi\u00e7\u00e3o para que o 14\u00ba sal\u00e1rio emergencial seja implementado<br>Representantes pretendem marcar reuni\u00e3o nesta semana com o chefe do Legislativo para discutir prazos e detalhes do abono.<\/p>\n","protected":false},"excerpt":{"rendered":"<p>Tramita no Senado um projeto de lei ( n\u00ba 3.657\/2020) que pretende pagar o dobro da gratifica\u00e7\u00e3o aos segurados e dependente do RGPS (Regime Geral&hellip; <\/p>\n","protected":false},"author":2,"featured_media":180692,"comment_status":"closed","ping_status":"closed","sticky":false,"template":"","format":"standard","meta":{"sfsi_plus_gutenberg_text_before_share":"","sfsi_plus_gutenberg_show_text_before_share":"","sfsi_plus_gutenberg_icon_type":"","sfsi_plus_gutenberg_icon_alignemt":"","sfsi_plus_gutenburg_max_per_row":"","footnotes":""},"categories":[50,2],"tags":[],"class_list":["post-180691","post","type-post","status-publish","format-standard","has-post-thumbnail","hentry","category-destaque","category-geral"],"_links":{"self":[{"href":"https:\/\/www.caririemacao.com\/1\/wp-json\/wp\/v2\/posts\/180691","targetHints":{"allow":["GET"]}}],"collection":[{"href":"https:\/\/www.caririemacao.com\/1\/wp-json\/wp\/v2\/posts"}],"about":[{"href":"https:\/\/www.caririemacao.com\/1\/wp-json\/wp\/v2\/types\/post"}],"author":[{"embeddable":true,"href":"https:\/\/www.caririemacao.com\/1\/wp-json\/wp\/v2\/users\/2"}],"replies":[{"embeddable":true,"href":"https:\/\/www.caririemacao.com\/1\/wp-json\/wp\/v2\/comments?post=180691"}],"version-history":[{"count":1,"href":"https:\/\/www.caririemacao.com\/1\/wp-json\/wp\/v2\/posts\/180691\/revisions"}],"predecessor-version":[{"id":180693,"href":"https:\/\/www.caririemacao.com\/1\/wp-json\/wp\/v2\/posts\/180691\/revisions\/180693"}],"wp:featuredmedia":[{"embeddable":true,"href":"https:\/\/www.caririemacao.com\/1\/wp-json\/wp\/v2\/media\/180692"}],"wp:attachment":[{"href":"https:\/\/www.caririemacao.com\/1\/wp-json\/wp\/v2\/media?parent=180691"}],"wp:term":[{"taxonomy":"category","embeddable":true,"href":"https:\/\/www.caririemacao.com\/1\/wp-json\/wp\/v2\/categories?post=180691"},{"taxonomy":"post_tag","embeddable":true,"href":"https:\/\/www.caririemacao.com\/1\/wp-json\/wp\/v2\/tags?post=180691"}],"curies":[{"name":"wp","href":"https:\/\/api.w.org\/{rel}","templated":true}]}}