{"id":180695,"date":"2020-07-27T11:07:06","date_gmt":"2020-07-27T14:07:06","guid":{"rendered":"https:\/\/www.caririemacao.com\/1\/?p=180695"},"modified":"2020-07-27T11:07:06","modified_gmt":"2020-07-27T14:07:06","slug":"bolsonaro-retoma-os-trabalhos-no-planalto-apos-dizer-que-exame-de-covid-19-deu-negativo","status":"publish","type":"post","link":"https:\/\/www.caririemacao.com\/1\/2020\/07\/27\/bolsonaro-retoma-os-trabalhos-no-planalto-apos-dizer-que-exame-de-covid-19-deu-negativo\/","title":{"rendered":"Bolsonaro retoma os trabalhos no Planalto ap\u00f3s dizer que exame de Covid-19 deu negativo"},"content":{"rendered":"\n<h1 class=\"wp-block-heading\"><\/h1>\n\n\n\n<p>O presidente Jair Bolsonaro retomou na manh\u00e3 desta segunda-feira (27) a rotina de trabalho no Pal\u00e1cio do Planalto, ap\u00f3s anunciar no s\u00e1bado (25) ter se recuperado da Covid-19, doen\u00e7a provocada pelo novo coronav\u00edrus.<\/p>\n\n\n\n<p>Bolsonaro foi diagnosticado com Covid-19 no dia de 7 julho e por quase tr\u00eas semanas trabalhou na resid\u00eancia oficial do Pal\u00e1cio da Alvorada, onde mora com a fam\u00edlia.<\/p>\n\n\n\n<p>Nas \u00faltimas semanas, o presidente assinou documentos de forma digital e realizou reuni\u00f5es e participou de solenidades por videoconfer\u00eancia, como a posse do novo ministro da Educa\u00e7\u00e3o, Milton Ribeiro.<\/p>\n\n\n\n<p>O presidente tamb\u00e9m fez caminhadas pelos jardins do Alvorada e na semana passada andou de motocicleta na \u00e1rea interna do pal\u00e1cio, quando foi fotografado sem m\u00e1scara conversando com profissionais de limpeza.<\/p>\n\n\n\n<p>Bolsonaro s\u00f3 deixou a resid\u00eancia oficial no s\u00e1bado, depois de anunciar nas redes sociais que o quarto teste realizado teve resultado negativo.<\/p>\n\n\n\n<p>Logo ap\u00f3s a publica\u00e7\u00e3o na rede social neste s\u00e1bado, Bolsonaro saiu de moto por Bras\u00edlia, acompanhado por seguran\u00e7as. O presidente foi a uma loja no Setor de Ind\u00fastria e Abastecimento (SIA), onde foi visto sem m\u00e1scara.<\/p>\n\n\n\n<p><strong>Agenda<\/strong><\/p>\n\n\n\n<p>Bolsonaro chegou por volta das 8h45 ao Pal\u00e1cio do Planalto. Antes, o presidente conversou com apoiadores no Alvorada. Ele usava m\u00e1scara e evitou apertar a m\u00e3o dos visitantes<\/p>\n\n\n\n<p>&#8220;Eu estou imunizado, mas evito o contato a\u00ed\u201d, disse.<\/p>\n\n\n\n<p>De acordo com a agenda oficial da presid\u00eancia, Bolsonaro ter\u00e1 duas reuni\u00f5es nesta segunda-feira. Uma \u00e0s 10h com o ministro da Defesa, Fernando Azevedo, e outra 14h com o ministro da Economia, Paulo Guedes.<\/p>\n","protected":false},"excerpt":{"rendered":"<p>O presidente Jair Bolsonaro retomou na manh\u00e3 desta segunda-feira (27) a rotina de trabalho no Pal\u00e1cio do Planalto, ap\u00f3s anunciar no s\u00e1bado (25) ter se&hellip; <\/p>\n","protected":false},"author":2,"featured_media":180696,"comment_status":"closed","ping_status":"closed","sticky":false,"template":"","format":"standard","meta":{"sfsi_plus_gutenberg_text_before_share":"","sfsi_plus_gutenberg_show_text_before_share":"","sfsi_plus_gutenberg_icon_type":"","sfsi_plus_gutenberg_icon_alignemt":"","sfsi_plus_gutenburg_max_per_row":"","footnotes":""},"categories":[50,11],"tags":[],"class_list":["post-180695","post","type-post","status-publish","format-standard","has-post-thumbnail","hentry","category-destaque","category-politica"],"_links":{"self":[{"href":"https:\/\/www.caririemacao.com\/1\/wp-json\/wp\/v2\/posts\/180695","targetHints":{"allow":["GET"]}}],"collection":[{"href":"https:\/\/www.caririemacao.com\/1\/wp-json\/wp\/v2\/posts"}],"about":[{"href":"https:\/\/www.caririemacao.com\/1\/wp-json\/wp\/v2\/types\/post"}],"author":[{"embeddable":true,"href":"https:\/\/www.caririemacao.com\/1\/wp-json\/wp\/v2\/users\/2"}],"replies":[{"embeddable":true,"href":"https:\/\/www.caririemacao.com\/1\/wp-json\/wp\/v2\/comments?post=180695"}],"version-history":[{"count":1,"href":"https:\/\/www.caririemacao.com\/1\/wp-json\/wp\/v2\/posts\/180695\/revisions"}],"predecessor-version":[{"id":180697,"href":"https:\/\/www.caririemacao.com\/1\/wp-json\/wp\/v2\/posts\/180695\/revisions\/180697"}],"wp:featuredmedia":[{"embeddable":true,"href":"https:\/\/www.caririemacao.com\/1\/wp-json\/wp\/v2\/media\/180696"}],"wp:attachment":[{"href":"https:\/\/www.caririemacao.com\/1\/wp-json\/wp\/v2\/media?parent=180695"}],"wp:term":[{"taxonomy":"category","embeddable":true,"href":"https:\/\/www.caririemacao.com\/1\/wp-json\/wp\/v2\/categories?post=180695"},{"taxonomy":"post_tag","embeddable":true,"href":"https:\/\/www.caririemacao.com\/1\/wp-json\/wp\/v2\/tags?post=180695"}],"curies":[{"name":"wp","href":"https:\/\/api.w.org\/{rel}","templated":true}]}}