{"id":180703,"date":"2020-07-27T11:29:51","date_gmt":"2020-07-27T14:29:51","guid":{"rendered":"https:\/\/www.caririemacao.com\/1\/?p=180703"},"modified":"2020-07-27T11:29:51","modified_gmt":"2020-07-27T14:29:51","slug":"cantora-paraense-cleide-moraes-morre-em-acidente-de-transito-na-regiao-metropolitana-de-belem","status":"publish","type":"post","link":"https:\/\/www.caririemacao.com\/1\/2020\/07\/27\/cantora-paraense-cleide-moraes-morre-em-acidente-de-transito-na-regiao-metropolitana-de-belem\/","title":{"rendered":"Cantora paraense Cleide Moraes morre em acidente de tr\u00e2nsito na regi\u00e3o metropolitana de Bel\u00e9m"},"content":{"rendered":"\n<p>A cantora paraense Cleide Moraes, conhecida no estado como a &#8220;rainha da saudade&#8221;, morreu na noite de domingo (26) v\u00edtima de acidente de tr\u00e2nsito na rodovia PA-391, a Bel\u00e9m-Mosqueiro, pr\u00f3ximo do munic\u00edpio de Santa B\u00e1rbara.<\/p>\n\n\n\n<p>Ela voltava de um show em Icoaraci, e estava a caminho de Mosqueiro quando teve seu ve\u00edculo atingido por um carro de passeio. Duas pessoas foram encaminhadas para o hospital Metropolitano de Ananindeua. A cantora n\u00e3o resistiu aos ferimentos e morreu no local.<\/p>\n\n\n\n<p>O corpo de Cleide Moraes foi levado durante a madrugada desta segunda-feira (27) para o Instituto M\u00e9dico Legal (IML), onde deve passar por necropsia antes de ser liberado. O vel\u00f3rio ser\u00e1 na sede da escola de samba Rancho N\u00e3o Posso de Amofin\u00e1.<\/p>\n\n\n\n<h2 class=\"wp-block-heading\">Repercuss\u00e3o<\/h2>\n\n\n\n<p>Pol\u00edticos paraenses, como o governador do estado, Helder Barbalho (MDB); e prefeito de Bel\u00e9m, Zenaldo Coutinho (PSDB); al\u00e9m de artistas, usaram as redes sociais para homenage\u00e1-la.<\/p>\n\n\n\n<blockquote class=\"wp-block-quote is-layout-flow wp-block-quote-is-layout-flow\"><p>&#8220;Cleide Moraes era inigual\u00e1vel com sua voz e alegria. Levou seu brilho para o c\u00e9u e seguir\u00e1 sendo nossa eterna &#8216;Rainha da Saudade&#8217;. Que Deus possa confortar a dor dos familiares e amigos neste momento&#8221;, escreveu Helder Barbalho em uma rede social.<\/p><\/blockquote>\n\n\n\n<p>&#8220;Estamos todos profundamente tristes com a not\u00edcia do falecimento da grande cantora Cleide Moraes. Uma enorme perda para a cena cultural de Bel\u00e9m. Aos familiares, amigos e aos f\u00e3s desta grande artista, minha irrestrita solidariedade. Que Deus a receba na luz!&#8221;, escreveu Zenaldo Coutinho.<\/p>\n\n\n\n<p>&#8220;Bel\u00e9m perde a Rainha da Saudade!!! A Rainha das noites paraenses!!! Que Deus conforte os cora\u00e7\u00f5es&#8221;, escreveu Valeria Paiva em um rede social&#8221;, lamentou Valeria Paiva, da banda Fruto Sensual.<\/p>\n\n\n\n<p>&#8220;A Rainha se cala! Cleide Moraes. Que Deus a receba e conforte o cora\u00e7\u00e3o de sua fam\u00edlia e amigos!&#8221;, escreveu a cantora Hellen Patricia.<\/p>\n\n\n\n<p>A Secretaria de Cultura do Par\u00e1 (Secult) tamb\u00e9m emitiu nota lamentando a morte de Cleide Morais.<\/p>\n\n\n\n<p>&#8220;Cleide era uma artista muito querida, generosa e batalhadora que, com sua voz marcante embalou gera\u00e7\u00f5es de casais e f\u00e3s apaixonados pelo brega e pelos boleros que marcaram \u00e9poca. Neste momento de dor, a Secult se solidariza com familiares e amigos, reiterando os votos de pesar pela grande perda da &#8216;Rainha da Saudade'&#8221;.<\/p>\n\n\n\n<figure class=\"wp-block-image\"><img decoding=\"async\" data-src=\"https:\/\/s2.glbimg.com\/i5nJd5VM5mGjTheGi2eq5jZ2ML4=\/0x0:803x1280\/984x0\/smart\/filters:strip_icc()\/i.s3.glbimg.com\/v1\/AUTH_59edd422c0c84a879bd37670ae4f538a\/internal_photos\/bs\/2020\/A\/a\/BfaPuvTkebYFrQ7sYb7Q\/whatsapp-image-2020-07-27-at-07.40.51.jpeg\" alt=\"Val\u00e9ria Paiva da banda Fruto Sensual prestou sua \u00faltima homenagem a cantora. \u2014 Foto: Reprodu\u00e7\u00e3o\/Instagram\" src=\"data:image\/svg+xml;base64,PHN2ZyB3aWR0aD0iMSIgaGVpZ2h0PSIxIiB4bWxucz0iaHR0cDovL3d3dy53My5vcmcvMjAwMC9zdmciPjwvc3ZnPg==\" class=\"lazyload\" \/><\/figure>\n\n\n\n<p>Val\u00e9ria Paiva da banda Fruto Sensual prestou sua \u00faltima homenagem a cantora. \u2014 Foto: Reprodu\u00e7\u00e3o\/Instagram<\/p>\n\n\n\n<p>coom g1<\/p>\n","protected":false},"excerpt":{"rendered":"<p>A cantora paraense Cleide Moraes, conhecida no estado como a &#8220;rainha da saudade&#8221;, morreu na noite de domingo (26) v\u00edtima de acidente de tr\u00e2nsito na&hellip; <\/p>\n","protected":false},"author":1,"featured_media":180706,"comment_status":"closed","ping_status":"closed","sticky":false,"template":"","format":"standard","meta":{"sfsi_plus_gutenberg_text_before_share":"","sfsi_plus_gutenberg_show_text_before_share":"","sfsi_plus_gutenberg_icon_type":"","sfsi_plus_gutenberg_icon_alignemt":"","sfsi_plus_gutenburg_max_per_row":"","footnotes":""},"categories":[2],"tags":[],"class_list":["post-180703","post","type-post","status-publish","format-standard","has-post-thumbnail","hentry","category-geral"],"_links":{"self":[{"href":"https:\/\/www.caririemacao.com\/1\/wp-json\/wp\/v2\/posts\/180703","targetHints":{"allow":["GET"]}}],"collection":[{"href":"https:\/\/www.caririemacao.com\/1\/wp-json\/wp\/v2\/posts"}],"about":[{"href":"https:\/\/www.caririemacao.com\/1\/wp-json\/wp\/v2\/types\/post"}],"author":[{"embeddable":true,"href":"https:\/\/www.caririemacao.com\/1\/wp-json\/wp\/v2\/users\/1"}],"replies":[{"embeddable":true,"href":"https:\/\/www.caririemacao.com\/1\/wp-json\/wp\/v2\/comments?post=180703"}],"version-history":[{"count":1,"href":"https:\/\/www.caririemacao.com\/1\/wp-json\/wp\/v2\/posts\/180703\/revisions"}],"predecessor-version":[{"id":180707,"href":"https:\/\/www.caririemacao.com\/1\/wp-json\/wp\/v2\/posts\/180703\/revisions\/180707"}],"wp:featuredmedia":[{"embeddable":true,"href":"https:\/\/www.caririemacao.com\/1\/wp-json\/wp\/v2\/media\/180706"}],"wp:attachment":[{"href":"https:\/\/www.caririemacao.com\/1\/wp-json\/wp\/v2\/media?parent=180703"}],"wp:term":[{"taxonomy":"category","embeddable":true,"href":"https:\/\/www.caririemacao.com\/1\/wp-json\/wp\/v2\/categories?post=180703"},{"taxonomy":"post_tag","embeddable":true,"href":"https:\/\/www.caririemacao.com\/1\/wp-json\/wp\/v2\/tags?post=180703"}],"curies":[{"name":"wp","href":"https:\/\/api.w.org\/{rel}","templated":true}]}}