{"id":180704,"date":"2020-07-27T11:34:26","date_gmt":"2020-07-27T14:34:26","guid":{"rendered":"https:\/\/www.caririemacao.com\/1\/?p=180704"},"modified":"2020-07-27T11:34:26","modified_gmt":"2020-07-27T14:34:26","slug":"justica-determina-reintegracao-de-posse-em-predio-que-abriga-a-casa-nem-decisao-deve-ser-cumprida-nesta-segunda-feira","status":"publish","type":"post","link":"https:\/\/www.caririemacao.com\/1\/2020\/07\/27\/justica-determina-reintegracao-de-posse-em-predio-que-abriga-a-casa-nem-decisao-deve-ser-cumprida-nesta-segunda-feira\/","title":{"rendered":"Justi\u00e7a determina reintegra\u00e7\u00e3o de posse em pr\u00e9dio que abriga a Casa Nem; decis\u00e3o deve ser cumprida nesta segunda-feira"},"content":{"rendered":"\n<p>A Justi\u00e7a determinou a reintegra\u00e7\u00e3o de posse em um pr\u00e9dio na Rua Dias da Rocha, em Copacabana, na Zona Sul do Rio, na manh\u00e3 desta segunda-feira (27).<\/p>\n\n\n\n<p>O pr\u00e9dio vem sendo utilizado como endere\u00e7o de integrantes de um movimento de apoio a pessoas LGBTS em estado de vulnerabilidade, a\u00a0Casa Nem. Cerca de 60 pessoas vivem no local.<\/p>\n\n\n\n<p>Pouco antes das 7h, um grupo estava reunido em frente ao im\u00f3vel para protestar de forma pac\u00edfica. A Pol\u00edcia Militar est\u00e1 no local.<\/p>\n\n\n\n<blockquote class=\"wp-block-quote is-layout-flow wp-block-quote-is-layout-flow\"><p>&#8220;O im\u00f3vel, por certo, n\u00e3o possui condi\u00e7\u00f5es suficientes e adequadas de habitabilidade, evidenciando local insalubre e que apresenta riscos para os pr\u00f3prios ocupantes&#8221;, diz a ju\u00edza Daniela Bandeira de Freitas, da 15\u00aa Vara C\u00edvel do Rio, em sua decis\u00e3o.<\/p><\/blockquote>\n\n\n\n<figure class=\"wp-block-image\"><img decoding=\"async\" data-src=\"https:\/\/s2.glbimg.com\/6QPklKUVxAN99ie3ZRYH_kaMtbo=\/0x0:1280x960\/984x0\/smart\/filters:strip_icc()\/i.s3.glbimg.com\/v1\/AUTH_59edd422c0c84a879bd37670ae4f538a\/internal_photos\/bs\/2020\/1\/l\/bDNZqrRzOEAjMc5RGLLA\/casa-nem3.jpeg\" alt=\"Grupo protesta em frente \u00e0 Casa Nem \u2014 Foto: Fernanda Rouvenat\/TV Globo\" src=\"data:image\/svg+xml;base64,PHN2ZyB3aWR0aD0iMSIgaGVpZ2h0PSIxIiB4bWxucz0iaHR0cDovL3d3dy53My5vcmcvMjAwMC9zdmciPjwvc3ZnPg==\" class=\"lazyload\" \/><\/figure>\n\n\n\n<p>Grupo protesta em frente \u00e0 Casa Nem \u2014 Foto: Fernanda Rouvenat\/TV Globo<\/p>\n\n\n\n<p>O pedido de reintegra\u00e7\u00e3o de posse foi feito pelos propriet\u00e1rios do pr\u00e9dio, que s\u00e3o representados pela Iliria Administra\u00e7\u00e3o de im\u00f3veis e Neg\u00f3cios Ltda.<\/p>\n\n\n\n<p>Nelio Georgini, coordenador Especial da Diversidade Sexual da Prefeitura do Rio, explicou que v\u00e1rias reuni\u00f5es v\u00eam acontecendo nos \u00faltimos dias para tentar resolver a quest\u00e3o.<\/p>\n\n\n\n<figure class=\"wp-block-image\"><img decoding=\"async\" data-src=\"https:\/\/s2.glbimg.com\/j71eXmpofGr0naiRkze5hly0NXI=\/0x0:1920x1080\/984x0\/smart\/filters:strip_icc()\/i.s3.glbimg.com\/v1\/AUTH_59edd422c0c84a879bd37670ae4f538a\/internal_photos\/bs\/2020\/7\/Z\/Jtl3SYSc6BbL1LTzOigw\/reintegracao-2.jpeg\" alt=\"Justi\u00e7a determina reintegra\u00e7\u00e3o de posse de im\u00f3vel em Copacabana \u2014 Foto: Reprodu\u00e7\u00e3o\/TV Globo\" src=\"data:image\/svg+xml;base64,PHN2ZyB3aWR0aD0iMSIgaGVpZ2h0PSIxIiB4bWxucz0iaHR0cDovL3d3dy53My5vcmcvMjAwMC9zdmciPjwvc3ZnPg==\" class=\"lazyload\" \/><\/figure>\n\n\n\n<p>Justi\u00e7a determina reintegra\u00e7\u00e3o de posse de im\u00f3vel em Copacabana \u2014 Foto: Reprodu\u00e7\u00e3o\/TV Globo<\/p>\n\n\n\n<p>\u201cN\u00f3s estamos aqui para garantir os direitos humanos dessas pessoas. Os m\u00ednimos poss\u00edveis. Em rela\u00e7\u00e3o ao abrigamento, o que n\u00f3s temos \u00e9 o seguinte: dia 28 de junho n\u00f3s inauguramos um abrigamento espec\u00edfico para a popula\u00e7\u00e3o LGBT, inclusive tia Ju, secret\u00e1ria, veio aqui conversar com essa popula\u00e7\u00e3o. Ent\u00e3o, qual \u00e9 o ponto? A prefeitura vai ter que se organizar. Caso seja uma ordem judicial, ordem judicial se cumpre para poder abrigar essas pessoas\u201d, explicou.<\/p>\n\n\n\n<p>J\u00e1 a defesa do grupo diz a ordem de reintegra\u00e7\u00e3o de posse \u00e9 considerada \u201c<strong>ilegal e desumana<\/strong>\u201d e fere o decreto que pro\u00edbe o despejo durante a pandemia da Covid-19.<\/p>\n\n\n\n<p>O movimento foi despejado do pr\u00e9dio que ocupava na Lapa em dezembro de 2018. Desde 2019, integrantes da Casa Nem vinham ocupando quartos no pr\u00e9dio em Copacabana. Uma parte deles tamb\u00e9m\u00a0ocupou um pr\u00e9dio em Vila Isabel, na Zona Norte, que foi desocupado.<\/p>\n\n\n\n<figure class=\"wp-block-image\"><img decoding=\"async\" data-src=\"https:\/\/s2.glbimg.com\/z4P1OXuRwsA40MeBVmpKDI6GxwI=\/0x0:1920x1080\/984x0\/smart\/filters:strip_icc()\/i.s3.glbimg.com\/v1\/AUTH_59edd422c0c84a879bd37670ae4f538a\/internal_photos\/bs\/2019\/A\/i\/ZAUGz3TUSx5WoYorHDUw\/acervo-1-.jpg\" alt=\"At\u00e9 mesmo uma ossada estava em meio ao ex\u00f3tico acervo encontrado no pr\u00e9dio abandonado em Copacabana \u2014 Foto: TV Globo\" src=\"data:image\/svg+xml;base64,PHN2ZyB3aWR0aD0iMSIgaGVpZ2h0PSIxIiB4bWxucz0iaHR0cDovL3d3dy53My5vcmcvMjAwMC9zdmciPjwvc3ZnPg==\" class=\"lazyload\" \/><\/figure>\n\n\n\n<p>At\u00e9 mesmo uma ossada estava em meio ao ex\u00f3tico acervo encontrado no pr\u00e9dio abandonado em Copacabana \u2014 Foto: TV Globo<\/p>\n\n\n\n<p>No pr\u00e9dio da rua Dias da Rocha, obras de um\u00a0acervo art\u00edstico e at\u00e9 mesmo uma ossada\u00a0foram encontrados em julho de 2019. As obras de arte foram encaminhadas para o\u00a0Instituto do Patrim\u00f4nio Hist\u00f3rico e Art\u00edstico Nacional\u00a0(Iphan) para an\u00e1lise.<\/p>\n\n\n\n<figure class=\"wp-block-image\"><img decoding=\"async\" data-src=\"https:\/\/s2.glbimg.com\/xQLOlePlbAPIbWo_0eDbKFwGw88=\/0x0:1920x1080\/984x0\/smart\/filters:strip_icc()\/i.s3.glbimg.com\/v1\/AUTH_59edd422c0c84a879bd37670ae4f538a\/internal_photos\/bs\/2019\/o\/0\/DFvHXAQOG0HNkZHErE9g\/acervo-2-.jpg\" alt=\"Bustos, quadros e outros objetos de arte estavam em c\u00f4modo de pr\u00e9dio abandonado em Copacabana \u2014 Foto: TV Globo\" src=\"data:image\/svg+xml;base64,PHN2ZyB3aWR0aD0iMSIgaGVpZ2h0PSIxIiB4bWxucz0iaHR0cDovL3d3dy53My5vcmcvMjAwMC9zdmciPjwvc3ZnPg==\" class=\"lazyload\" \/><\/figure>\n\n\n\n<p>Bustos, quadros e outros objetos de arte estavam em c\u00f4modo de pr\u00e9dio abandonado em Copacabana \u2014 Foto: TV Globo<\/p>\n\n\n\n<p>&#8220;(&#8230;) o Judici\u00e1rio n\u00e3o pode fechar os olhos n\u00e3o s\u00f3 ao direito de posse leg\u00edtimo demonstrado em Ju\u00edzo e a precariedade da posse exercida pelos ocupantes do pr\u00e9dio desde julho de 2019, como tamb\u00e9m, \u00e0 necess\u00e1ria prote\u00e7\u00e3o da pr\u00f3pria integridade f\u00edsica de todas as pessoas f\u00edsicas que hoje est\u00e3o morando no edif\u00edcio e ocupando o im\u00f3vel&#8221;, diz outro trecho da decis\u00e3o.<\/p>\n\n\n\n<p>A ju\u00edza ressalta ainda que, al\u00e9m de inadequado \u00e0 habita\u00e7\u00e3o, o im\u00f3vel tem &#8220;muita sujeira e entulho espalhados na \u00e1rea interior t\u00e9rrea&#8221;.<\/p>\n\n\n\n<p>COM G1 <\/p>\n","protected":false},"excerpt":{"rendered":"<p>A Justi\u00e7a determinou a reintegra\u00e7\u00e3o de posse em um pr\u00e9dio na Rua Dias da Rocha, em Copacabana, na Zona Sul do Rio, na manh\u00e3 desta&hellip; <\/p>\n","protected":false},"author":1,"featured_media":180709,"comment_status":"closed","ping_status":"closed","sticky":false,"template":"","format":"standard","meta":{"sfsi_plus_gutenberg_text_before_share":"","sfsi_plus_gutenberg_show_text_before_share":"","sfsi_plus_gutenberg_icon_type":"","sfsi_plus_gutenberg_icon_alignemt":"","sfsi_plus_gutenburg_max_per_row":"","footnotes":""},"categories":[50,2],"tags":[],"class_list":["post-180704","post","type-post","status-publish","format-standard","has-post-thumbnail","hentry","category-destaque","category-geral"],"_links":{"self":[{"href":"https:\/\/www.caririemacao.com\/1\/wp-json\/wp\/v2\/posts\/180704","targetHints":{"allow":["GET"]}}],"collection":[{"href":"https:\/\/www.caririemacao.com\/1\/wp-json\/wp\/v2\/posts"}],"about":[{"href":"https:\/\/www.caririemacao.com\/1\/wp-json\/wp\/v2\/types\/post"}],"author":[{"embeddable":true,"href":"https:\/\/www.caririemacao.com\/1\/wp-json\/wp\/v2\/users\/1"}],"replies":[{"embeddable":true,"href":"https:\/\/www.caririemacao.com\/1\/wp-json\/wp\/v2\/comments?post=180704"}],"version-history":[{"count":1,"href":"https:\/\/www.caririemacao.com\/1\/wp-json\/wp\/v2\/posts\/180704\/revisions"}],"predecessor-version":[{"id":180710,"href":"https:\/\/www.caririemacao.com\/1\/wp-json\/wp\/v2\/posts\/180704\/revisions\/180710"}],"wp:featuredmedia":[{"embeddable":true,"href":"https:\/\/www.caririemacao.com\/1\/wp-json\/wp\/v2\/media\/180709"}],"wp:attachment":[{"href":"https:\/\/www.caririemacao.com\/1\/wp-json\/wp\/v2\/media?parent=180704"}],"wp:term":[{"taxonomy":"category","embeddable":true,"href":"https:\/\/www.caririemacao.com\/1\/wp-json\/wp\/v2\/categories?post=180704"},{"taxonomy":"post_tag","embeddable":true,"href":"https:\/\/www.caririemacao.com\/1\/wp-json\/wp\/v2\/tags?post=180704"}],"curies":[{"name":"wp","href":"https:\/\/api.w.org\/{rel}","templated":true}]}}