{"id":180708,"date":"2020-07-27T11:39:24","date_gmt":"2020-07-27T14:39:24","guid":{"rendered":"https:\/\/www.caririemacao.com\/1\/?p=180708"},"modified":"2020-07-27T11:39:24","modified_gmt":"2020-07-27T14:39:24","slug":"domingo-tem-flagrantes-de-desrespeito-as-regras-de-isolamento-por-todo-o-brasil","status":"publish","type":"post","link":"https:\/\/www.caririemacao.com\/1\/2020\/07\/27\/domingo-tem-flagrantes-de-desrespeito-as-regras-de-isolamento-por-todo-o-brasil\/","title":{"rendered":"Domingo tem flagrantes de desrespeito \u00e0s regras de isolamento por todo o Brasil"},"content":{"rendered":"\n<p>Flagrantes de desrespeito em v\u00e1rias cidades do pa\u00eds: muitos brasileiros ignoraram as medidas de restri\u00e7\u00f5es para evitar a Covid-19.<\/p>\n\n\n\n<p>Homens de um lado, mulheres do outro. N\u00e3o \u00e9 nenhum passo de dan\u00e7a. Fotos mostram 63 pessoas detidas depois que a Pol\u00edcia Militar acabou com uma festa na madrugada deste domingo (26) em Santa Cruz, no interior do Rio Grande do Norte &#8211; eventos assim est\u00e3o proibidos na regi\u00e3o desde mar\u00e7o pra evitar aglomera\u00e7\u00e3o.<\/p>\n\n\n\n<p>J\u00e1 na comunidade do Mocot\u00f3, em Florian\u00f3polis, o baile funk seguiu no volume m\u00e1ximo. A pol\u00edcia de Santa Catarina diz que co\u00edbe festas como essa, mas n\u00e3o consegue chegar a todos os lugares do morro.<\/p>\n\n\n\n<p>No Rio de Janeiro, bares do Leblon, na Zona Sul, voltaram a ficar lotados, com aglomera\u00e7\u00e3o e pessoas sem m\u00e1scara. Guardas municipais acompanharam a movimenta\u00e7\u00e3o.<\/p>\n\n\n\n<p>De dia, as trilhas do Parque Nacional da Tijuca s\u00e3o um lazer permitido na cidade, mas n\u00e3o com filas imensas e sem distanciamento e sem m\u00e1scara. O fiscal do parque pediu respeito \u00e0s regras: &#8220;Se n\u00e3o usar a m\u00e1scara, o parque vai fechar. Vai ser ruim pra todo mundo&#8221;.<\/p>\n\n\n\n<p>Ainda no Rio, a prefeitura ainda n\u00e3o liberou a perman\u00eancia de banhistas na areia, mas o que se viu foi desrespeito \u00e0s regras e falta de fiscaliza\u00e7\u00e3o. Cariocas e turistas aproveitaram at\u00e9 as ultimas horas de sol do domingo para ficar na praia. Copacabana ficou lotada mesmo com a proibi\u00e7\u00e3o do banho de sol e do uso de cadeiras e barracas.<\/p>\n\n\n\n<p>Em Bel\u00e9m, nas praias de Mosqueiro, estava dif\u00edcil encontrar algu\u00e9m com m\u00e1scara, apesar de ser obrigat\u00f3rio usar. Policiais militares e guardas municipais faziam a fiscaliza\u00e7\u00e3o.<\/p>\n\n\n\n<p>Em Fortaleza, as praias tamb\u00e9m ficaram cheias.<\/p>\n\n\n\n<p>Em Porto Alegre, a galera do futebol achou que dava pra fazer um campeonato no meio da pandemia. Juntaram 200 pessoas em uma pra\u00e7a da Zona Sul da cidade, mas moradores denunciaram a aglomera\u00e7\u00e3o. A guarda municipal chegou, parou a bola e mandou todo mundo pra casa.<\/p>\n\n\n\n<p>com g1<\/p>\n","protected":false},"excerpt":{"rendered":"<p>Flagrantes de desrespeito em v\u00e1rias cidades do pa\u00eds: muitos brasileiros ignoraram as medidas de restri\u00e7\u00f5es para evitar a Covid-19. Homens de um lado, mulheres do&hellip; <\/p>\n","protected":false},"author":1,"featured_media":180714,"comment_status":"closed","ping_status":"closed","sticky":false,"template":"","format":"standard","meta":{"sfsi_plus_gutenberg_text_before_share":"","sfsi_plus_gutenberg_show_text_before_share":"","sfsi_plus_gutenberg_icon_type":"","sfsi_plus_gutenberg_icon_alignemt":"","sfsi_plus_gutenburg_max_per_row":"","footnotes":""},"categories":[50,2],"tags":[],"class_list":["post-180708","post","type-post","status-publish","format-standard","has-post-thumbnail","hentry","category-destaque","category-geral"],"_links":{"self":[{"href":"https:\/\/www.caririemacao.com\/1\/wp-json\/wp\/v2\/posts\/180708","targetHints":{"allow":["GET"]}}],"collection":[{"href":"https:\/\/www.caririemacao.com\/1\/wp-json\/wp\/v2\/posts"}],"about":[{"href":"https:\/\/www.caririemacao.com\/1\/wp-json\/wp\/v2\/types\/post"}],"author":[{"embeddable":true,"href":"https:\/\/www.caririemacao.com\/1\/wp-json\/wp\/v2\/users\/1"}],"replies":[{"embeddable":true,"href":"https:\/\/www.caririemacao.com\/1\/wp-json\/wp\/v2\/comments?post=180708"}],"version-history":[{"count":1,"href":"https:\/\/www.caririemacao.com\/1\/wp-json\/wp\/v2\/posts\/180708\/revisions"}],"predecessor-version":[{"id":180715,"href":"https:\/\/www.caririemacao.com\/1\/wp-json\/wp\/v2\/posts\/180708\/revisions\/180715"}],"wp:featuredmedia":[{"embeddable":true,"href":"https:\/\/www.caririemacao.com\/1\/wp-json\/wp\/v2\/media\/180714"}],"wp:attachment":[{"href":"https:\/\/www.caririemacao.com\/1\/wp-json\/wp\/v2\/media?parent=180708"}],"wp:term":[{"taxonomy":"category","embeddable":true,"href":"https:\/\/www.caririemacao.com\/1\/wp-json\/wp\/v2\/categories?post=180708"},{"taxonomy":"post_tag","embeddable":true,"href":"https:\/\/www.caririemacao.com\/1\/wp-json\/wp\/v2\/tags?post=180708"}],"curies":[{"name":"wp","href":"https:\/\/api.w.org\/{rel}","templated":true}]}}