{"id":180712,"date":"2020-07-27T14:35:35","date_gmt":"2020-07-27T17:35:35","guid":{"rendered":"https:\/\/www.caririemacao.com\/1\/?p=180712"},"modified":"2020-07-27T14:35:35","modified_gmt":"2020-07-27T17:35:35","slug":"prefeitura-de-caraubas-vai-entregar-quadra-de-esportes-construida-com-recursos-proprios","status":"publish","type":"post","link":"https:\/\/www.caririemacao.com\/1\/2020\/07\/27\/prefeitura-de-caraubas-vai-entregar-quadra-de-esportes-construida-com-recursos-proprios\/","title":{"rendered":"Prefeitura de Cara\u00fabas vai entregar quadra de esportes constru\u00edda com recursos pr\u00f3prios"},"content":{"rendered":"\n<p>A Prefeitura de Cara\u00fabas concluiu a constru\u00e7\u00e3o de uma quadra de esportes localizada no complexo do est\u00e1dio de futebol e aguardar apenas a defini\u00e7\u00e3o de uma data para entregar o novo equipamento esportivo \u00e0 popula\u00e7\u00e3o.<\/p>\n\n\n\n<p>O prefeito Silvano Dudu destacou que a pra\u00e7a esportiva foi constru\u00edda com recursos pr\u00f3prios: \u201cS\u00f3 n\u00e3o entregamos ainda devido \u00e0 pandemia, mas, vou sentar com minha equipe para definir a data de inaugura\u00e7\u00e3o\u201d, expressou.<\/p>\n\n\n\n<p>O prefeito Silvano acompanhou a quadra ao lado de vereadores e secret\u00e1rios da gest\u00e3o municipal.<\/p>\n\n\n\n<p><strong>Veja o v\u00eddeo:<\/strong><\/p>\n\n\n\n<figure class=\"wp-block-embed-youtube wp-block-embed is-type-video is-provider-youtube wp-embed-aspect-16-9 wp-has-aspect-ratio\"><div class=\"wp-block-embed__wrapper\">\n<div class=\"ose-youtube ose-uid-c7bd81ade42f7cc12ca5c8e1eaccfeaf ose-embedpress-responsive\" style=\"width:600px; height:550px; max-height:550px; max-width:100%; display:inline-block;\" data-embed-type=\"Youtube\"><iframe allowFullScreen=\"true\" title=\"Prefeitura de Cara\u00fabas vai entregar quadra de esportes constru\u00edda com recursos pr\u00f3prios\" width=\"600\" height=\"550\" data-src=\"https:\/\/www.youtube.com\/embed\/Y2s4vIBBmkc?feature=oembed&color=red&rel=0&controls=1&start=&end=&fs=0&iv_load_policy=0&autoplay=0&mute=0&modestbranding=0&cc_load_policy=1&playsinline=1\" frameborder=\"0\" allow=\"accelerometer; encrypted-media;accelerometer;autoplay;clipboard-write;gyroscope;picture-in-picture clipboard-write; encrypted-media; gyroscope; picture-in-picture; web-share\" referrerpolicy=\"strict-origin-when-cross-origin\" allowfullscreen src=\"data:image\/svg+xml;base64,PHN2ZyB3aWR0aD0iMSIgaGVpZ2h0PSIxIiB4bWxucz0iaHR0cDovL3d3dy53My5vcmcvMjAwMC9zdmciPjwvc3ZnPg==\" class=\"lazyload\" data-load-mode=\"1\"><\/iframe><\/div>\n<\/div><\/figure>\n\n\n\n<p><strong>Blog do Bruno Lira<\/strong><\/p>\n","protected":false},"excerpt":{"rendered":"<p>A Prefeitura de Cara\u00fabas concluiu a constru\u00e7\u00e3o de uma quadra de esportes localizada no complexo do est\u00e1dio de futebol e aguardar apenas a defini\u00e7\u00e3o de&hellip; <\/p>\n","protected":false},"author":1,"featured_media":180747,"comment_status":"closed","ping_status":"closed","sticky":false,"template":"","format":"standard","meta":{"sfsi_plus_gutenberg_text_before_share":"","sfsi_plus_gutenberg_show_text_before_share":"","sfsi_plus_gutenberg_icon_type":"","sfsi_plus_gutenberg_icon_alignemt":"","sfsi_plus_gutenburg_max_per_row":"","footnotes":""},"categories":[6],"tags":[],"class_list":["post-180712","post","type-post","status-publish","format-standard","has-post-thumbnail","hentry","category-cidades"],"_links":{"self":[{"href":"https:\/\/www.caririemacao.com\/1\/wp-json\/wp\/v2\/posts\/180712","targetHints":{"allow":["GET"]}}],"collection":[{"href":"https:\/\/www.caririemacao.com\/1\/wp-json\/wp\/v2\/posts"}],"about":[{"href":"https:\/\/www.caririemacao.com\/1\/wp-json\/wp\/v2\/types\/post"}],"author":[{"embeddable":true,"href":"https:\/\/www.caririemacao.com\/1\/wp-json\/wp\/v2\/users\/1"}],"replies":[{"embeddable":true,"href":"https:\/\/www.caririemacao.com\/1\/wp-json\/wp\/v2\/comments?post=180712"}],"version-history":[{"count":1,"href":"https:\/\/www.caririemacao.com\/1\/wp-json\/wp\/v2\/posts\/180712\/revisions"}],"predecessor-version":[{"id":180748,"href":"https:\/\/www.caririemacao.com\/1\/wp-json\/wp\/v2\/posts\/180712\/revisions\/180748"}],"wp:featuredmedia":[{"embeddable":true,"href":"https:\/\/www.caririemacao.com\/1\/wp-json\/wp\/v2\/media\/180747"}],"wp:attachment":[{"href":"https:\/\/www.caririemacao.com\/1\/wp-json\/wp\/v2\/media?parent=180712"}],"wp:term":[{"taxonomy":"category","embeddable":true,"href":"https:\/\/www.caririemacao.com\/1\/wp-json\/wp\/v2\/categories?post=180712"},{"taxonomy":"post_tag","embeddable":true,"href":"https:\/\/www.caririemacao.com\/1\/wp-json\/wp\/v2\/tags?post=180712"}],"curies":[{"name":"wp","href":"https:\/\/api.w.org\/{rel}","templated":true}]}}