{"id":180717,"date":"2020-07-27T12:09:07","date_gmt":"2020-07-27T15:09:07","guid":{"rendered":"https:\/\/www.caririemacao.com\/1\/?p=180717"},"modified":"2020-07-27T12:09:07","modified_gmt":"2020-07-27T15:09:07","slug":"prefeito-de-sao-jose-dos-cordeiros-publica-mensagen-em-agradecimento-ao-padre-do-municipio","status":"publish","type":"post","link":"https:\/\/www.caririemacao.com\/1\/2020\/07\/27\/prefeito-de-sao-jose-dos-cordeiros-publica-mensagen-em-agradecimento-ao-padre-do-municipio\/","title":{"rendered":"Prefeito de S\u00e3o Jos\u00e9 dos Cordeiros publica mensagen em agradecimento ao padre do munic\u00edpio"},"content":{"rendered":"\n<p>O prefeito de S\u00e3o Jos\u00e9 dos Cordeiros, Jefferson Roberto, publicou neste \u00faltimo domingo 26, uma mensagem agradecendo aos padre Joselito Silva pelo tempo de pastoreio no munic\u00edpio. <\/p>\n\n\n\n<p>&#8220;Padre Joselito Silva, seu pastoreio em nossa cidade foi fecundo e marcante! Foi com seu trabalho que nossa Capela virou Par\u00f3quia e esta ser\u00e1 apenas uma de suas marcas junto ao povo cat\u00f3lico Cordeirense!<br>Obrigado por tudo e que Deus continue aben\u00e7oando sua miss\u00e3o!&#8221;, disse o prefeito, Jefferson Roberto. <br><\/p>\n","protected":false},"excerpt":{"rendered":"<p>O prefeito de S\u00e3o Jos\u00e9 dos Cordeiros, Jefferson Roberto, publicou neste \u00faltimo domingo 26, uma mensagem agradecendo aos padre Joselito Silva pelo tempo de pastoreio&hellip; <\/p>\n","protected":false},"author":1,"featured_media":180718,"comment_status":"closed","ping_status":"closed","sticky":false,"template":"","format":"standard","meta":{"sfsi_plus_gutenberg_text_before_share":"","sfsi_plus_gutenberg_show_text_before_share":"","sfsi_plus_gutenberg_icon_type":"","sfsi_plus_gutenberg_icon_alignemt":"","sfsi_plus_gutenburg_max_per_row":"","footnotes":""},"categories":[6],"tags":[],"class_list":["post-180717","post","type-post","status-publish","format-standard","has-post-thumbnail","hentry","category-cidades"],"_links":{"self":[{"href":"https:\/\/www.caririemacao.com\/1\/wp-json\/wp\/v2\/posts\/180717","targetHints":{"allow":["GET"]}}],"collection":[{"href":"https:\/\/www.caririemacao.com\/1\/wp-json\/wp\/v2\/posts"}],"about":[{"href":"https:\/\/www.caririemacao.com\/1\/wp-json\/wp\/v2\/types\/post"}],"author":[{"embeddable":true,"href":"https:\/\/www.caririemacao.com\/1\/wp-json\/wp\/v2\/users\/1"}],"replies":[{"embeddable":true,"href":"https:\/\/www.caririemacao.com\/1\/wp-json\/wp\/v2\/comments?post=180717"}],"version-history":[{"count":2,"href":"https:\/\/www.caririemacao.com\/1\/wp-json\/wp\/v2\/posts\/180717\/revisions"}],"predecessor-version":[{"id":180722,"href":"https:\/\/www.caririemacao.com\/1\/wp-json\/wp\/v2\/posts\/180717\/revisions\/180722"}],"wp:featuredmedia":[{"embeddable":true,"href":"https:\/\/www.caririemacao.com\/1\/wp-json\/wp\/v2\/media\/180718"}],"wp:attachment":[{"href":"https:\/\/www.caririemacao.com\/1\/wp-json\/wp\/v2\/media?parent=180717"}],"wp:term":[{"taxonomy":"category","embeddable":true,"href":"https:\/\/www.caririemacao.com\/1\/wp-json\/wp\/v2\/categories?post=180717"},{"taxonomy":"post_tag","embeddable":true,"href":"https:\/\/www.caririemacao.com\/1\/wp-json\/wp\/v2\/tags?post=180717"}],"curies":[{"name":"wp","href":"https:\/\/api.w.org\/{rel}","templated":true}]}}