{"id":180723,"date":"2020-07-27T13:12:25","date_gmt":"2020-07-27T16:12:25","guid":{"rendered":"https:\/\/www.caririemacao.com\/1\/?p=180723"},"modified":"2020-07-27T13:12:25","modified_gmt":"2020-07-27T16:12:25","slug":"presidente-do-stj-tem-resultado-positivo-para-covid-19","status":"publish","type":"post","link":"https:\/\/www.caririemacao.com\/1\/2020\/07\/27\/presidente-do-stj-tem-resultado-positivo-para-covid-19\/","title":{"rendered":"Presidente do STJ tem resultado positivo para covid-19"},"content":{"rendered":"\n<h2 class=\"wp-block-heading\"><\/h2>\n\n\n\n<p>O presidente do Superior Tribunal de Justi\u00e7a (STJ), ministro Jo\u00e3o Ot\u00e1vio de Noronha, teve resultado de exame&nbsp;positivo para covid-19, doen\u00e7a provocada pelo novo coronav\u00edrus. Ele se submeteu a um exame e recebeu o diagn\u00f3stico&nbsp;ontem&nbsp;(26).<img decoding=\"async\" data-src=\"https:\/\/agenciabrasil.ebc.com.br\/ebc.png?id=1312332&amp;o=node\" src=\"data:image\/svg+xml;base64,PHN2ZyB3aWR0aD0iMSIgaGVpZ2h0PSIxIiB4bWxucz0iaHR0cDovL3d3dy53My5vcmcvMjAwMC9zdmciPjwvc3ZnPg==\" class=\"lazyload\"><img decoding=\"async\" data-src=\"https:\/\/agenciabrasil.ebc.com.br\/ebc.gif?id=1312332&amp;o=node\" src=\"data:image\/svg+xml;base64,PHN2ZyB3aWR0aD0iMSIgaGVpZ2h0PSIxIiB4bWxucz0iaHR0cDovL3d3dy53My5vcmcvMjAwMC9zdmciPjwvc3ZnPg==\" class=\"lazyload\"><\/p>\n\n\n\n<p>Segundo a assessoria do STJ, o magistrado, que tem 63 anos, n\u00e3o apresenta sintomas e continuar\u00e1 trabalhando de casa, em regime de quarentena. Dessa maneira, ele segue respons\u00e1vel pelo plant\u00e3o do tribunal, no qual analisa pedidos urgentes, como liminares em&nbsp;<em>habeas corpus<\/em>, por exemplo. Noronha exerce a fun\u00e7\u00e3o at\u00e9 o fim da pr\u00f3xima semana, quando termina o recesso do Judici\u00e1rio.<\/p>\n\n\n\n<p>O STJ encontra-se em regime de trabalho remoto desde o in\u00edcio da pandemia, em mar\u00e7o. As sess\u00f5es de julgamento passaram a ser por videoconfer\u00eancia desde maio.<\/p>\n","protected":false},"excerpt":{"rendered":"<p>O presidente do Superior Tribunal de Justi\u00e7a (STJ), ministro Jo\u00e3o Ot\u00e1vio de Noronha, teve resultado de exame&nbsp;positivo para covid-19, doen\u00e7a provocada pelo novo coronav\u00edrus. Ele&hellip; <\/p>\n","protected":false},"author":2,"featured_media":180724,"comment_status":"closed","ping_status":"closed","sticky":false,"template":"","format":"standard","meta":{"sfsi_plus_gutenberg_text_before_share":"","sfsi_plus_gutenberg_show_text_before_share":"","sfsi_plus_gutenberg_icon_type":"","sfsi_plus_gutenberg_icon_alignemt":"","sfsi_plus_gutenburg_max_per_row":"","footnotes":""},"categories":[2],"tags":[],"class_list":["post-180723","post","type-post","status-publish","format-standard","has-post-thumbnail","hentry","category-geral"],"_links":{"self":[{"href":"https:\/\/www.caririemacao.com\/1\/wp-json\/wp\/v2\/posts\/180723","targetHints":{"allow":["GET"]}}],"collection":[{"href":"https:\/\/www.caririemacao.com\/1\/wp-json\/wp\/v2\/posts"}],"about":[{"href":"https:\/\/www.caririemacao.com\/1\/wp-json\/wp\/v2\/types\/post"}],"author":[{"embeddable":true,"href":"https:\/\/www.caririemacao.com\/1\/wp-json\/wp\/v2\/users\/2"}],"replies":[{"embeddable":true,"href":"https:\/\/www.caririemacao.com\/1\/wp-json\/wp\/v2\/comments?post=180723"}],"version-history":[{"count":1,"href":"https:\/\/www.caririemacao.com\/1\/wp-json\/wp\/v2\/posts\/180723\/revisions"}],"predecessor-version":[{"id":180725,"href":"https:\/\/www.caririemacao.com\/1\/wp-json\/wp\/v2\/posts\/180723\/revisions\/180725"}],"wp:featuredmedia":[{"embeddable":true,"href":"https:\/\/www.caririemacao.com\/1\/wp-json\/wp\/v2\/media\/180724"}],"wp:attachment":[{"href":"https:\/\/www.caririemacao.com\/1\/wp-json\/wp\/v2\/media?parent=180723"}],"wp:term":[{"taxonomy":"category","embeddable":true,"href":"https:\/\/www.caririemacao.com\/1\/wp-json\/wp\/v2\/categories?post=180723"},{"taxonomy":"post_tag","embeddable":true,"href":"https:\/\/www.caririemacao.com\/1\/wp-json\/wp\/v2\/tags?post=180723"}],"curies":[{"name":"wp","href":"https:\/\/api.w.org\/{rel}","templated":true}]}}