{"id":180727,"date":"2020-07-27T13:21:52","date_gmt":"2020-07-27T16:21:52","guid":{"rendered":"https:\/\/www.caririemacao.com\/1\/?p=180727"},"modified":"2020-07-27T13:21:52","modified_gmt":"2020-07-27T16:21:52","slug":"rede-globo-e-processada-por-telespectadora-por-causar-panico-durante-a-pandemia-do-coronavirus","status":"publish","type":"post","link":"https:\/\/www.caririemacao.com\/1\/2020\/07\/27\/rede-globo-e-processada-por-telespectadora-por-causar-panico-durante-a-pandemia-do-coronavirus\/","title":{"rendered":"Rede Globo \u00e9 processada por telespectadora por causar p\u00e2nico durante a pandemia do Coronav\u00edrus"},"content":{"rendered":"\n<h1 class=\"wp-block-heading\"><\/h1>\n\n\n\n<p>O trabalho do jornalismo da TV Globo em meio \u00e0 pandemia do novo coronav\u00edrus tem sido duramente criticado por alguns \u2018haters\u2019. De acordo com informa\u00e7\u00f5es do Not\u00edcias da TV, uma dessas pessoas chegou a entrar com uma liminar contra a maneira como os telejornais divulgam os n\u00fameros da Covid-19, afirmando que causa p\u00e2nico na popula\u00e7\u00e3o.<\/p>\n\n\n\n<p>Rosemary Matias de Lima, de S\u00e3o Jo\u00e3o de Meriti, no Rio de Janeiro, entrou com a a\u00e7\u00e3o judicial em junho, solicitando que a Globo mudasse a forma como exibe os casos, dizendo que deveriam divulgar apenas os n\u00fameros di\u00e1rios, n\u00e3o os acumulados (os telejornais da Globo oferecem ambos os tipos de informa\u00e7\u00e3o).<\/p>\n\n\n\n<p>A telespectadora alega que com a divulga\u00e7\u00e3o da forma como \u00e9 feita, a Globo falta com dignidade \u00e0s pessoas, causando inseguran\u00e7a e mal-estar nos brasileiros.<\/p>\n\n\n\n<p>O Not\u00edcias da TV informa ainda que o caso foi avaliado pela ju\u00edza Paula de Menezes Caldas, da 49\u00aa Vara C\u00edvel, no Rio de janeiro. Ela considera que Rosemary por si s\u00f3 n\u00e3o tem legitimidade para defender os interesses de toda sociedade ou de todos os profissionais da sa\u00fade. Al\u00e9m do que, a Globo j\u00e1 divulga os dados da Covid-19 de forma cumulativa e di\u00e1ria.<\/p>\n\n\n\n<p>A ju\u00edza tamb\u00e9m considera que a Globo n\u00e3o pode ser responsabilizada pela interrup\u00e7\u00e3o de atividades econ\u00f4micas durante a quarentena. Dessa forma, a a\u00e7\u00e3o foi extinta pela pr\u00f3pria ju\u00edza, sem nem ter a necessidade de que a Globo se defendesse.<\/p>\n\n\n\n<p>Homero Duarte, advogado de Rosemary, falou com o Not\u00edcias na TV sobre o caso. Ele diz que discorda da maneira como a ju\u00edza tratou a a\u00e7\u00e3o, mas que n\u00e3o pretendem recorrer da decis\u00e3o.<\/p>\n","protected":false},"excerpt":{"rendered":"<p>O trabalho do jornalismo da TV Globo em meio \u00e0 pandemia do novo coronav\u00edrus tem sido duramente criticado por alguns \u2018haters\u2019. De acordo com informa\u00e7\u00f5es&hellip; <\/p>\n","protected":false},"author":2,"featured_media":180728,"comment_status":"closed","ping_status":"closed","sticky":false,"template":"","format":"standard","meta":{"sfsi_plus_gutenberg_text_before_share":"","sfsi_plus_gutenberg_show_text_before_share":"","sfsi_plus_gutenberg_icon_type":"","sfsi_plus_gutenberg_icon_alignemt":"","sfsi_plus_gutenburg_max_per_row":"","footnotes":""},"categories":[2],"tags":[],"class_list":["post-180727","post","type-post","status-publish","format-standard","has-post-thumbnail","hentry","category-geral"],"_links":{"self":[{"href":"https:\/\/www.caririemacao.com\/1\/wp-json\/wp\/v2\/posts\/180727","targetHints":{"allow":["GET"]}}],"collection":[{"href":"https:\/\/www.caririemacao.com\/1\/wp-json\/wp\/v2\/posts"}],"about":[{"href":"https:\/\/www.caririemacao.com\/1\/wp-json\/wp\/v2\/types\/post"}],"author":[{"embeddable":true,"href":"https:\/\/www.caririemacao.com\/1\/wp-json\/wp\/v2\/users\/2"}],"replies":[{"embeddable":true,"href":"https:\/\/www.caririemacao.com\/1\/wp-json\/wp\/v2\/comments?post=180727"}],"version-history":[{"count":1,"href":"https:\/\/www.caririemacao.com\/1\/wp-json\/wp\/v2\/posts\/180727\/revisions"}],"predecessor-version":[{"id":180729,"href":"https:\/\/www.caririemacao.com\/1\/wp-json\/wp\/v2\/posts\/180727\/revisions\/180729"}],"wp:featuredmedia":[{"embeddable":true,"href":"https:\/\/www.caririemacao.com\/1\/wp-json\/wp\/v2\/media\/180728"}],"wp:attachment":[{"href":"https:\/\/www.caririemacao.com\/1\/wp-json\/wp\/v2\/media?parent=180727"}],"wp:term":[{"taxonomy":"category","embeddable":true,"href":"https:\/\/www.caririemacao.com\/1\/wp-json\/wp\/v2\/categories?post=180727"},{"taxonomy":"post_tag","embeddable":true,"href":"https:\/\/www.caririemacao.com\/1\/wp-json\/wp\/v2\/tags?post=180727"}],"curies":[{"name":"wp","href":"https:\/\/api.w.org\/{rel}","templated":true}]}}