{"id":180731,"date":"2020-07-27T13:27:34","date_gmt":"2020-07-27T16:27:34","guid":{"rendered":"https:\/\/www.caririemacao.com\/1\/?p=180731"},"modified":"2020-07-27T13:27:34","modified_gmt":"2020-07-27T16:27:34","slug":"inscricoes-do-fies-comecam-nesta-terca-feira","status":"publish","type":"post","link":"https:\/\/www.caririemacao.com\/1\/2020\/07\/27\/inscricoes-do-fies-comecam-nesta-terca-feira\/","title":{"rendered":"Inscri\u00e7\u00f5es do FIES come\u00e7am nesta ter\u00e7a-feira"},"content":{"rendered":"\n<h1 class=\"wp-block-heading\"><\/h1>\n\n\n\n<p>Come\u00e7am nesta ter\u00e7a-feira (28) e seguem at\u00e9 31 de julho, pelo site as inscri\u00e7\u00f5es no processo seletivo do Fundo de Financiamento Estudantil (Fies), para o 2\u00ba semestre de 2020. O resultado ser\u00e1 divulgado no dia 4 de agosto. Pelo cronograma, o per\u00edodo para complementa\u00e7\u00e3o da inscri\u00e7\u00e3o dos candidatos pr\u00e9-selecionados ser\u00e1 do dia 4 at\u00e9 6 de agosto.<\/p>\n\n\n\n<p>Inicialmente, as inscri\u00e7\u00f5es no programa eram esperadas para a semana passada, mas foram adiadas depois que o Minist\u00e9rio da Educa\u00e7\u00e3o (MEC) identificadas inconsist\u00eancias no processamento da distribui\u00e7\u00e3o das vagas ofertadas pelas institui\u00e7\u00f5es de ensino superior. Segundo o MEC, a medida foi importante para assegurar \u201ca lisura e a transpar\u00eancia do processo seletivo\u201d.<\/p>\n\n\n\n<p><strong>Lista de espera<\/strong><\/p>\n\n\n\n<p>Os candidatos n\u00e3o pr\u00e9-selecionados na chamada \u00fanica do Fies podem disputar uma das vagas ofertadas por meio da lista de espera. Diferentemente dos processos seletivos do Sistema de Sele\u00e7\u00e3o Unificada e do Programa Universidade Para Todos, para participar da lista de espera do Fies n\u00e3o \u00e9 necess\u00e1rio manifestar interesse. Todos os n\u00e3o pr\u00e9-selecionados na chamada \u00fanica ser\u00e3o, automaticamente, inclu\u00eddos na lista de espera. O prazo de convoca\u00e7\u00e3o por meio da lista de espera \u00e9 do dia 4 at\u00e9 \u00e0s 23h59 de 31 de agosto.<\/p>\n\n\n\n<p><strong>Requisitos<\/strong><\/p>\n\n\n\n<p>Pode se inscrever na sele\u00e7\u00e3o do Fies o candidato que tenha participado do Exame Nacional do Ensino M\u00e9dio, a partir da edi\u00e7\u00e3o de 2010, e que tenha alcan\u00e7ado m\u00e9dia das notas nas provas igual ou superior a 450 pontos. O interessado n\u00e3o pode ter zerado a reda\u00e7\u00e3o e deve ter renda familiar mensal bruta, por pessoa, de at\u00e9 tr\u00eas sal\u00e1rios m\u00ednimos.<\/p>\n\n\n\n<p><strong>Programa<\/strong><\/p>\n\n\n\n<p>O Fundo de Financiamento Estudantil (Fies) \u00e9 um programa do MEC que concede financiamento a estudantes em cursos superiores n\u00e3o gratuitos em institui\u00e7\u00f5es de educa\u00e7\u00e3o superior particulares que participam do programa.O Fies \u00e9 um modelo de financiamento estudantil moderno, divido em diferentes modalidades, podendo ter juros zero a quem mais precisa e uma escala de financiamentos que varia conforme a renda familiar do candidato.<\/p>\n","protected":false},"excerpt":{"rendered":"<p>Come\u00e7am nesta ter\u00e7a-feira (28) e seguem at\u00e9 31 de julho, pelo site as inscri\u00e7\u00f5es no processo seletivo do Fundo de Financiamento Estudantil (Fies), para o&hellip; <\/p>\n","protected":false},"author":2,"featured_media":180732,"comment_status":"closed","ping_status":"closed","sticky":false,"template":"","format":"standard","meta":{"sfsi_plus_gutenberg_text_before_share":"","sfsi_plus_gutenberg_show_text_before_share":"","sfsi_plus_gutenberg_icon_type":"","sfsi_plus_gutenberg_icon_alignemt":"","sfsi_plus_gutenburg_max_per_row":"","footnotes":""},"categories":[2],"tags":[],"class_list":["post-180731","post","type-post","status-publish","format-standard","has-post-thumbnail","hentry","category-geral"],"_links":{"self":[{"href":"https:\/\/www.caririemacao.com\/1\/wp-json\/wp\/v2\/posts\/180731","targetHints":{"allow":["GET"]}}],"collection":[{"href":"https:\/\/www.caririemacao.com\/1\/wp-json\/wp\/v2\/posts"}],"about":[{"href":"https:\/\/www.caririemacao.com\/1\/wp-json\/wp\/v2\/types\/post"}],"author":[{"embeddable":true,"href":"https:\/\/www.caririemacao.com\/1\/wp-json\/wp\/v2\/users\/2"}],"replies":[{"embeddable":true,"href":"https:\/\/www.caririemacao.com\/1\/wp-json\/wp\/v2\/comments?post=180731"}],"version-history":[{"count":1,"href":"https:\/\/www.caririemacao.com\/1\/wp-json\/wp\/v2\/posts\/180731\/revisions"}],"predecessor-version":[{"id":180733,"href":"https:\/\/www.caririemacao.com\/1\/wp-json\/wp\/v2\/posts\/180731\/revisions\/180733"}],"wp:featuredmedia":[{"embeddable":true,"href":"https:\/\/www.caririemacao.com\/1\/wp-json\/wp\/v2\/media\/180732"}],"wp:attachment":[{"href":"https:\/\/www.caririemacao.com\/1\/wp-json\/wp\/v2\/media?parent=180731"}],"wp:term":[{"taxonomy":"category","embeddable":true,"href":"https:\/\/www.caririemacao.com\/1\/wp-json\/wp\/v2\/categories?post=180731"},{"taxonomy":"post_tag","embeddable":true,"href":"https:\/\/www.caririemacao.com\/1\/wp-json\/wp\/v2\/tags?post=180731"}],"curies":[{"name":"wp","href":"https:\/\/api.w.org\/{rel}","templated":true}]}}