{"id":180735,"date":"2020-07-27T14:03:05","date_gmt":"2020-07-27T17:03:05","guid":{"rendered":"https:\/\/www.caririemacao.com\/1\/?p=180735"},"modified":"2020-07-27T14:03:05","modified_gmt":"2020-07-27T17:03:05","slug":"detran-libera-atendimento-por-agendamento-nos-postos-de-transito-na-paraiba","status":"publish","type":"post","link":"https:\/\/www.caririemacao.com\/1\/2020\/07\/27\/detran-libera-atendimento-por-agendamento-nos-postos-de-transito-na-paraiba\/","title":{"rendered":"Detran libera atendimento por agendamento nos postos de tr\u00e2nsito na Para\u00edba"},"content":{"rendered":"\n<h1 class=\"wp-block-heading\"><\/h1>\n\n\n\n<p>A partir desta ter\u00e7a-feira (28), os Postos de Tr\u00e2nsito espalhados pelo Estado retomam o atendimento aos seus usu\u00e1rios. Por meio de agendamento no site do Departamento Estadual de Tr\u00e2nsito (Detran-PB), a abertura dos processos para os principais servi\u00e7os poder\u00e3o ser retomados nos 22 postos, com exce\u00e7\u00e3o daqueles que funcionam nas Casas da Cidadania, que aguardam determina\u00e7\u00e3o do Governo para reabertura.<\/p>\n\n\n\n<p>Dentre os servi\u00e7os que poder\u00e3o ser agendados pelos usu\u00e1rios, est\u00e3o: emiss\u00e3o do Certificado de Registro de Licenciamento do Ve\u00edculo (CRLV) Digital; processo para obten\u00e7\u00e3o da Carteira Nacional de Habilita\u00e7\u00e3o (CNH), que ser\u00e1 encaminhado para a sede de Mangabeira; processo de vistoria de ve\u00edculos, que tamb\u00e9m ser\u00e1 enviado para a sede, entre outros.&nbsp;<\/p>\n\n\n\n<p>Os postos do Valentina Figueiredo e dos shoppings do Autom\u00f3vel e Carro Legal foram reabertos anteriormente. Os postos de tr\u00e2nsito funcionam nas cidades de Alagoa Grande, Alhandra (Casa da Cidadania), Bananeiras, Bayeux (Casa da Cidadania), Bel\u00e9m, Brejo do Cruz, Cabedelo (Casa da Cidadania), Coremas, Itapororoca, Jacara\u00fa, Lagoa de Dentro, Paulista, Pedras de Fogo, Rem\u00edgio, Rio Tinto, Santa Rita, S\u00e3o Jo\u00e3o do Rio do Peixe, S\u00e3o Jos\u00e9 de Piranhas, Serra Branca, Soledade, Uira\u00fana e Umbuzeiro.<\/p>\n","protected":false},"excerpt":{"rendered":"<p>A partir desta ter\u00e7a-feira (28), os Postos de Tr\u00e2nsito espalhados pelo Estado retomam o atendimento aos seus usu\u00e1rios. Por meio de agendamento no site do&hellip; <\/p>\n","protected":false},"author":2,"featured_media":180736,"comment_status":"closed","ping_status":"closed","sticky":false,"template":"","format":"standard","meta":{"sfsi_plus_gutenberg_text_before_share":"","sfsi_plus_gutenberg_show_text_before_share":"","sfsi_plus_gutenberg_icon_type":"","sfsi_plus_gutenberg_icon_alignemt":"","sfsi_plus_gutenburg_max_per_row":"","footnotes":""},"categories":[2],"tags":[],"class_list":["post-180735","post","type-post","status-publish","format-standard","has-post-thumbnail","hentry","category-geral"],"_links":{"self":[{"href":"https:\/\/www.caririemacao.com\/1\/wp-json\/wp\/v2\/posts\/180735","targetHints":{"allow":["GET"]}}],"collection":[{"href":"https:\/\/www.caririemacao.com\/1\/wp-json\/wp\/v2\/posts"}],"about":[{"href":"https:\/\/www.caririemacao.com\/1\/wp-json\/wp\/v2\/types\/post"}],"author":[{"embeddable":true,"href":"https:\/\/www.caririemacao.com\/1\/wp-json\/wp\/v2\/users\/2"}],"replies":[{"embeddable":true,"href":"https:\/\/www.caririemacao.com\/1\/wp-json\/wp\/v2\/comments?post=180735"}],"version-history":[{"count":1,"href":"https:\/\/www.caririemacao.com\/1\/wp-json\/wp\/v2\/posts\/180735\/revisions"}],"predecessor-version":[{"id":180737,"href":"https:\/\/www.caririemacao.com\/1\/wp-json\/wp\/v2\/posts\/180735\/revisions\/180737"}],"wp:featuredmedia":[{"embeddable":true,"href":"https:\/\/www.caririemacao.com\/1\/wp-json\/wp\/v2\/media\/180736"}],"wp:attachment":[{"href":"https:\/\/www.caririemacao.com\/1\/wp-json\/wp\/v2\/media?parent=180735"}],"wp:term":[{"taxonomy":"category","embeddable":true,"href":"https:\/\/www.caririemacao.com\/1\/wp-json\/wp\/v2\/categories?post=180735"},{"taxonomy":"post_tag","embeddable":true,"href":"https:\/\/www.caririemacao.com\/1\/wp-json\/wp\/v2\/tags?post=180735"}],"curies":[{"name":"wp","href":"https:\/\/api.w.org\/{rel}","templated":true}]}}