{"id":180739,"date":"2020-07-27T14:07:39","date_gmt":"2020-07-27T17:07:39","guid":{"rendered":"https:\/\/www.caririemacao.com\/1\/?p=180739"},"modified":"2020-07-27T14:07:39","modified_gmt":"2020-07-27T17:07:39","slug":"monteiro-registrou-a-madrugada-mais-gelada-do-ano-na-paraiba-com-127oc","status":"publish","type":"post","link":"https:\/\/www.caririemacao.com\/1\/2020\/07\/27\/monteiro-registrou-a-madrugada-mais-gelada-do-ano-na-paraiba-com-127oc\/","title":{"rendered":"Monteiro registrou a madrugada mais \u2018gelada\u2019 do ano na Para\u00edba com 12,7\u00baC"},"content":{"rendered":"\n<h1 class=\"wp-block-heading\"><\/h1>\n\n\n\n<p>O m\u00eas de julho n\u00e3o tem fugido aos padr\u00f5es de inverno na Para\u00edba, principalmente em tr\u00eas regi\u00f5es da Para\u00edba: Brejo, Agreste e Cariri.<\/p>\n\n\n\n<p>Nas \u00faltimas 24 horas a temperatura em Campina Grande, por exemplo, variou entre 19\u00baC e 20\u00baC, deixando a cidade serrana com um charme especial.<\/p>\n\n\n\n<p>No brejo, as temperaturas tamb\u00e9m est\u00e3o baixas, em especial na hist\u00f3rica cidade de Areia, onde a paisagem se deslumbra com a n\u00e9voa constante.<\/p>\n\n\n\n<p>Mas a menor temperatura mesmo foi registrada h\u00e1 alguns dias e foi no Cariri. De acordo com Marle Bandeira, meteorologista da Ag\u00eancia Executiva de Gest\u00e3o das \u00c1guas (Aesa), no \u00faltimo dia 21, a cidade de Monteiro chegou a marcar 12,7\u00baC em seus term\u00f4metros pela madrugada.<\/p>\n","protected":false},"excerpt":{"rendered":"<p>O m\u00eas de julho n\u00e3o tem fugido aos padr\u00f5es de inverno na Para\u00edba, principalmente em tr\u00eas regi\u00f5es da Para\u00edba: Brejo, Agreste e Cariri. Nas \u00faltimas&hellip; <\/p>\n","protected":false},"author":2,"featured_media":180740,"comment_status":"closed","ping_status":"closed","sticky":false,"template":"","format":"standard","meta":{"sfsi_plus_gutenberg_text_before_share":"","sfsi_plus_gutenberg_show_text_before_share":"","sfsi_plus_gutenberg_icon_type":"","sfsi_plus_gutenberg_icon_alignemt":"","sfsi_plus_gutenburg_max_per_row":"","footnotes":""},"categories":[50,2],"tags":[],"class_list":["post-180739","post","type-post","status-publish","format-standard","has-post-thumbnail","hentry","category-destaque","category-geral"],"_links":{"self":[{"href":"https:\/\/www.caririemacao.com\/1\/wp-json\/wp\/v2\/posts\/180739","targetHints":{"allow":["GET"]}}],"collection":[{"href":"https:\/\/www.caririemacao.com\/1\/wp-json\/wp\/v2\/posts"}],"about":[{"href":"https:\/\/www.caririemacao.com\/1\/wp-json\/wp\/v2\/types\/post"}],"author":[{"embeddable":true,"href":"https:\/\/www.caririemacao.com\/1\/wp-json\/wp\/v2\/users\/2"}],"replies":[{"embeddable":true,"href":"https:\/\/www.caririemacao.com\/1\/wp-json\/wp\/v2\/comments?post=180739"}],"version-history":[{"count":1,"href":"https:\/\/www.caririemacao.com\/1\/wp-json\/wp\/v2\/posts\/180739\/revisions"}],"predecessor-version":[{"id":180741,"href":"https:\/\/www.caririemacao.com\/1\/wp-json\/wp\/v2\/posts\/180739\/revisions\/180741"}],"wp:featuredmedia":[{"embeddable":true,"href":"https:\/\/www.caririemacao.com\/1\/wp-json\/wp\/v2\/media\/180740"}],"wp:attachment":[{"href":"https:\/\/www.caririemacao.com\/1\/wp-json\/wp\/v2\/media?parent=180739"}],"wp:term":[{"taxonomy":"category","embeddable":true,"href":"https:\/\/www.caririemacao.com\/1\/wp-json\/wp\/v2\/categories?post=180739"},{"taxonomy":"post_tag","embeddable":true,"href":"https:\/\/www.caririemacao.com\/1\/wp-json\/wp\/v2\/tags?post=180739"}],"curies":[{"name":"wp","href":"https:\/\/api.w.org\/{rel}","templated":true}]}}