{"id":180750,"date":"2020-07-27T14:56:11","date_gmt":"2020-07-27T17:56:11","guid":{"rendered":"https:\/\/www.caririemacao.com\/1\/?p=180750"},"modified":"2020-07-27T14:56:11","modified_gmt":"2020-07-27T17:56:11","slug":"justica-da-pb-suspende-decisao-que-determinou-a-reducao-de-mensalidades-escolares-durante-pandemia","status":"publish","type":"post","link":"https:\/\/www.caririemacao.com\/1\/2020\/07\/27\/justica-da-pb-suspende-decisao-que-determinou-a-reducao-de-mensalidades-escolares-durante-pandemia\/","title":{"rendered":"Justi\u00e7a da PB suspende decis\u00e3o que determinou a redu\u00e7\u00e3o de mensalidades escolares durante pandemia"},"content":{"rendered":"\n<p>O desembargador Leandro dos Santos suspendeu a decis\u00e3o do Ju\u00edzo da 9\u00aa Vara C\u00edvel de Jo\u00e3o Pessoa, que determinou a revis\u00e3o do contrato celebrado entre um estudante e uma universidade privada da capital, com a redu\u00e7\u00e3o de 25% do valor das mensalidades, a partir de 1\u00ba de abril at\u00e9 a data do retorno normal das aulas. Ao questionar a decis\u00e3o de 1\u00ba Grau, a institui\u00e7\u00e3o de ensino alegou que, em virtude da pandemia ocasionada pela Covid-19, est\u00e1 suportando uma inadimpl\u00eancia na ordem de 33,5%, sem contar com a evas\u00e3o de alunos na ordem de 5,71%. A decis\u00e3o ainda cabe recurso.<\/p>\n\n\n\n<p>A Institui\u00e7\u00e3o acrescentou, ainda, que o Minist\u00e9rio da Educa\u00e7\u00e3o (MEC) autorizou a mudan\u00e7a para o regime de aulas em formato digital. Al\u00e9m disso, a Secretaria Nacional do Consumidor teria reconhecido atrav\u00e9s da Nota T\u00e9cnica n\u00ba 14\/2020 o direito das institui\u00e7\u00f5es de ensino efetuarem a cobran\u00e7a regular das suas mensalidades escolares nos moldes estipulados nos seus contratos de presta\u00e7\u00e3o de servi\u00e7os educacionais, enquanto perdurar a situa\u00e7\u00e3o da pandemia da Covid-19.<\/p>\n\n\n\n<p>Por fim, mencionou a suspens\u00e3o da Lei Estadual n\u00ba 11.964\/2020, atrav\u00e9s de uma medida cautelar deferida nos autos da A\u00e7\u00e3o Direta de Inconstitucionalidade n\u00ba 0807102-51.2020.815.0000, de relatoria da desembargadora Maria das Gra\u00e7as Morais Guedes. A lei que foi suspensa disp\u00f5e sobre a repactua\u00e7\u00e3o provis\u00f3ria e o reequil\u00edbrio dos contratos de consumo educacionais nas escolas de ensino infantil, fundamental e m\u00e9dio, universidades e cursos pr\u00e9-vestibulares, em raz\u00e3o da n\u00e3o realiza\u00e7\u00e3o de aulas presenciais ocasionada pela pandemia da Covid-19 no \u00e2mbito do Estado da Para\u00edba.<\/p>\n\n\n\n<p>Ao julgar o agravo, o desembargador Leandro dos Santos entendeu que a decis\u00e3o que concedeu o desconto de 25% das mensalidades vai de encontro ao entendimento firmado pelo Tribunal de Justi\u00e7a nos autos da A\u00e7\u00e3o Direta de Inconstitucionalidade.<\/p>\n\n\n\n<p>COM G1<\/p>\n","protected":false},"excerpt":{"rendered":"<p>O desembargador Leandro dos Santos suspendeu a decis\u00e3o do Ju\u00edzo da 9\u00aa Vara C\u00edvel de Jo\u00e3o Pessoa, que determinou a revis\u00e3o do contrato celebrado entre&hellip; <\/p>\n","protected":false},"author":1,"featured_media":180754,"comment_status":"closed","ping_status":"closed","sticky":false,"template":"","format":"standard","meta":{"sfsi_plus_gutenberg_text_before_share":"","sfsi_plus_gutenberg_show_text_before_share":"","sfsi_plus_gutenberg_icon_type":"","sfsi_plus_gutenberg_icon_alignemt":"","sfsi_plus_gutenburg_max_per_row":"","footnotes":""},"categories":[2],"tags":[],"class_list":["post-180750","post","type-post","status-publish","format-standard","has-post-thumbnail","hentry","category-geral"],"_links":{"self":[{"href":"https:\/\/www.caririemacao.com\/1\/wp-json\/wp\/v2\/posts\/180750","targetHints":{"allow":["GET"]}}],"collection":[{"href":"https:\/\/www.caririemacao.com\/1\/wp-json\/wp\/v2\/posts"}],"about":[{"href":"https:\/\/www.caririemacao.com\/1\/wp-json\/wp\/v2\/types\/post"}],"author":[{"embeddable":true,"href":"https:\/\/www.caririemacao.com\/1\/wp-json\/wp\/v2\/users\/1"}],"replies":[{"embeddable":true,"href":"https:\/\/www.caririemacao.com\/1\/wp-json\/wp\/v2\/comments?post=180750"}],"version-history":[{"count":1,"href":"https:\/\/www.caririemacao.com\/1\/wp-json\/wp\/v2\/posts\/180750\/revisions"}],"predecessor-version":[{"id":180756,"href":"https:\/\/www.caririemacao.com\/1\/wp-json\/wp\/v2\/posts\/180750\/revisions\/180756"}],"wp:featuredmedia":[{"embeddable":true,"href":"https:\/\/www.caririemacao.com\/1\/wp-json\/wp\/v2\/media\/180754"}],"wp:attachment":[{"href":"https:\/\/www.caririemacao.com\/1\/wp-json\/wp\/v2\/media?parent=180750"}],"wp:term":[{"taxonomy":"category","embeddable":true,"href":"https:\/\/www.caririemacao.com\/1\/wp-json\/wp\/v2\/categories?post=180750"},{"taxonomy":"post_tag","embeddable":true,"href":"https:\/\/www.caririemacao.com\/1\/wp-json\/wp\/v2\/tags?post=180750"}],"curies":[{"name":"wp","href":"https:\/\/api.w.org\/{rel}","templated":true}]}}