{"id":180753,"date":"2020-07-27T15:03:59","date_gmt":"2020-07-27T18:03:59","guid":{"rendered":"https:\/\/www.caririemacao.com\/1\/?p=180753"},"modified":"2020-07-27T15:21:56","modified_gmt":"2020-07-27T18:21:56","slug":"sume-prefeito-se-reune-com-presidente-da-camara-de-vereadores-do-municipio-para-tratar-sobre-projetos-em-transicao-na-camara","status":"publish","type":"post","link":"https:\/\/www.caririemacao.com\/1\/2020\/07\/27\/sume-prefeito-se-reune-com-presidente-da-camara-de-vereadores-do-municipio-para-tratar-sobre-projetos-em-transicao-na-camara\/","title":{"rendered":"Sum\u00e9: Prefeito se re\u00fane com Presidente da C\u00e2mara de Vereadores do munic\u00edpio, para tratar sobre projetos em tramita\u00e7\u00e3o na C\u00e2mara"},"content":{"rendered":"\n<p>O prefeito da cidade de Sum\u00e9, \u00c9den Duarte, se reuniu no \u00faltimo s\u00e1bado 25, com o Presidente do Legislativo Sumeense, Vereador Bomba. <\/p>\n\n\n\n<p>O objetivo da reuni\u00e3o foi para tratarem de projetos em tramita\u00e7\u00e3o na C\u00e2mara de Vereadores. O prefeito ainda afirmou que a parceria em conjunto, tem ajudado a dar governabilidade ao munic\u00edpio. <\/p>\n\n\n\n<p>&#8220;Parceira que, em conjunto com nossa base aliada, tem ajudado a dar governabilidade ao Munic\u00edpio&#8221;, pontuou o prefeito, \u00c9den Duarte. <\/p>\n","protected":false},"excerpt":{"rendered":"<p>O prefeito da cidade de Sum\u00e9, \u00c9den Duarte, se reuniu no \u00faltimo s\u00e1bado 25, com o Presidente do Legislativo Sumeense, Vereador Bomba. O objetivo da&hellip; <\/p>\n","protected":false},"author":1,"featured_media":180761,"comment_status":"closed","ping_status":"closed","sticky":false,"template":"","format":"standard","meta":{"sfsi_plus_gutenberg_text_before_share":"","sfsi_plus_gutenberg_show_text_before_share":"","sfsi_plus_gutenberg_icon_type":"","sfsi_plus_gutenberg_icon_alignemt":"","sfsi_plus_gutenburg_max_per_row":"","footnotes":""},"categories":[6],"tags":[],"class_list":["post-180753","post","type-post","status-publish","format-standard","has-post-thumbnail","hentry","category-cidades"],"_links":{"self":[{"href":"https:\/\/www.caririemacao.com\/1\/wp-json\/wp\/v2\/posts\/180753","targetHints":{"allow":["GET"]}}],"collection":[{"href":"https:\/\/www.caririemacao.com\/1\/wp-json\/wp\/v2\/posts"}],"about":[{"href":"https:\/\/www.caririemacao.com\/1\/wp-json\/wp\/v2\/types\/post"}],"author":[{"embeddable":true,"href":"https:\/\/www.caririemacao.com\/1\/wp-json\/wp\/v2\/users\/1"}],"replies":[{"embeddable":true,"href":"https:\/\/www.caririemacao.com\/1\/wp-json\/wp\/v2\/comments?post=180753"}],"version-history":[{"count":3,"href":"https:\/\/www.caririemacao.com\/1\/wp-json\/wp\/v2\/posts\/180753\/revisions"}],"predecessor-version":[{"id":180778,"href":"https:\/\/www.caririemacao.com\/1\/wp-json\/wp\/v2\/posts\/180753\/revisions\/180778"}],"wp:featuredmedia":[{"embeddable":true,"href":"https:\/\/www.caririemacao.com\/1\/wp-json\/wp\/v2\/media\/180761"}],"wp:attachment":[{"href":"https:\/\/www.caririemacao.com\/1\/wp-json\/wp\/v2\/media?parent=180753"}],"wp:term":[{"taxonomy":"category","embeddable":true,"href":"https:\/\/www.caririemacao.com\/1\/wp-json\/wp\/v2\/categories?post=180753"},{"taxonomy":"post_tag","embeddable":true,"href":"https:\/\/www.caririemacao.com\/1\/wp-json\/wp\/v2\/tags?post=180753"}],"curies":[{"name":"wp","href":"https:\/\/api.w.org\/{rel}","templated":true}]}}