{"id":180757,"date":"2020-07-27T15:06:45","date_gmt":"2020-07-27T18:06:45","guid":{"rendered":"https:\/\/www.caririemacao.com\/1\/?p=180757"},"modified":"2020-07-27T15:06:45","modified_gmt":"2020-07-27T18:06:45","slug":"prf-apreende-carreta-carregada-com-madeira-extraida-de-forma-ilegal-em-campina-grande","status":"publish","type":"post","link":"https:\/\/www.caririemacao.com\/1\/2020\/07\/27\/prf-apreende-carreta-carregada-com-madeira-extraida-de-forma-ilegal-em-campina-grande\/","title":{"rendered":"PRF apreende carreta carregada com madeira extra\u00edda de forma ilegal, em Campina Grande"},"content":{"rendered":"\n<p>Uma carreta carregada com madeira ilegal foi apreendia pela Pol\u00edcia Rodovi\u00e1ria Federal (PRF), em Campina Grande. De acordo com a PRF, o material teria sido extra\u00eddo de maneira ilegal em Moju, no Par\u00e1, e seria entregue em Guarabira, no Brejo da Para\u00edba.<\/p>\n\n\n\n<p>A apreens\u00e3o aconteceu na tarde do domingo (26), na BR-230. Segundo a PRF, ao abordar o ve\u00edculo, os policiais verificaram que havia irregularidade nos documentos apresentados pelo condutor e a carga transportada, como volume e esp\u00e9cies de madeira.<\/p>\n\n\n\n<p>De acordo com a PRF, o condutor da carreta, de 51 anos, informou \u00e0 PRF que receberia R$ 6,5 mil pelo transporte ilegal at\u00e9 Guarabira.<\/p>\n\n\n\n<p>Tanto o condutor quanto a madeireira respons\u00e1vel pelo transporte da carga ilegal e emiss\u00e3o dos documentos ambientais irregulares dever\u00e3o responder criminalmente por transportar madeira ilegal, de acordo com a Lei 9.605\/98, que trata sobre os crimes contra o meio ambiente, segundo a PRF.<\/p>\n\n\n\n<p>COM G1<\/p>\n","protected":false},"excerpt":{"rendered":"<p>Uma carreta carregada com madeira ilegal foi apreendia pela Pol\u00edcia Rodovi\u00e1ria Federal (PRF), em Campina Grande. De acordo com a PRF, o material teria sido&hellip; <\/p>\n","protected":false},"author":1,"featured_media":180765,"comment_status":"closed","ping_status":"closed","sticky":false,"template":"","format":"standard","meta":{"sfsi_plus_gutenberg_text_before_share":"","sfsi_plus_gutenberg_show_text_before_share":"","sfsi_plus_gutenberg_icon_type":"","sfsi_plus_gutenberg_icon_alignemt":"","sfsi_plus_gutenburg_max_per_row":"","footnotes":""},"categories":[12],"tags":[],"class_list":["post-180757","post","type-post","status-publish","format-standard","has-post-thumbnail","hentry","category-policia"],"_links":{"self":[{"href":"https:\/\/www.caririemacao.com\/1\/wp-json\/wp\/v2\/posts\/180757","targetHints":{"allow":["GET"]}}],"collection":[{"href":"https:\/\/www.caririemacao.com\/1\/wp-json\/wp\/v2\/posts"}],"about":[{"href":"https:\/\/www.caririemacao.com\/1\/wp-json\/wp\/v2\/types\/post"}],"author":[{"embeddable":true,"href":"https:\/\/www.caririemacao.com\/1\/wp-json\/wp\/v2\/users\/1"}],"replies":[{"embeddable":true,"href":"https:\/\/www.caririemacao.com\/1\/wp-json\/wp\/v2\/comments?post=180757"}],"version-history":[{"count":1,"href":"https:\/\/www.caririemacao.com\/1\/wp-json\/wp\/v2\/posts\/180757\/revisions"}],"predecessor-version":[{"id":180766,"href":"https:\/\/www.caririemacao.com\/1\/wp-json\/wp\/v2\/posts\/180757\/revisions\/180766"}],"wp:featuredmedia":[{"embeddable":true,"href":"https:\/\/www.caririemacao.com\/1\/wp-json\/wp\/v2\/media\/180765"}],"wp:attachment":[{"href":"https:\/\/www.caririemacao.com\/1\/wp-json\/wp\/v2\/media?parent=180757"}],"wp:term":[{"taxonomy":"category","embeddable":true,"href":"https:\/\/www.caririemacao.com\/1\/wp-json\/wp\/v2\/categories?post=180757"},{"taxonomy":"post_tag","embeddable":true,"href":"https:\/\/www.caririemacao.com\/1\/wp-json\/wp\/v2\/tags?post=180757"}],"curies":[{"name":"wp","href":"https:\/\/api.w.org\/{rel}","templated":true}]}}