{"id":180758,"date":"2020-07-27T15:04:11","date_gmt":"2020-07-27T18:04:11","guid":{"rendered":"https:\/\/www.caririemacao.com\/1\/?p=180758"},"modified":"2020-07-27T15:04:11","modified_gmt":"2020-07-27T18:04:11","slug":"homem-destroi-homenagem-a-vitimas-de-barragem-em-brumadinho","status":"publish","type":"post","link":"https:\/\/www.caririemacao.com\/1\/2020\/07\/27\/homem-destroi-homenagem-a-vitimas-de-barragem-em-brumadinho\/","title":{"rendered":"Homem destr\u00f3i homenagem a v\u00edtimas de barragem em Brumadinho"},"content":{"rendered":"\n<p>Um v\u00eddeo mostra um homem pisando e destruindo bal\u00f5es colocados para homenagear as v\u00edtimas do rompimento da barragem da Vale, em Brumadinho, na Regi\u00e3o Metropolitana de Belo Horizonte&nbsp;<em>(veja acima)<\/em>.<\/p>\n\n\n\n<p>A homenagem foi feita neste s\u00e1bado (25), quando a\u00a0trag\u00e9dia completou 1 ano e 6 meses.\u00a0A atitude do homem provocou revolta na Associa\u00e7\u00e3o dos Familiares das V\u00edtimas de Brumadinho (Avabrum), respons\u00e1vel pelo tributo.<\/p>\n\n\n\n<figure class=\"wp-block-image\"><img decoding=\"async\" data-src=\"https:\/\/s04.video.glbimg.com\/x240\/8729359.jpg\" alt=\"Homem destr\u00f3i bal\u00f5es que lembravam v\u00edtimas do rompimento, em Brumadinho\" title=\"Homem destr\u00f3i bal\u00f5es que lembravam v\u00edtimas do rompimento, em Brumadinho\" src=\"data:image\/svg+xml;base64,PHN2ZyB3aWR0aD0iMSIgaGVpZ2h0PSIxIiB4bWxucz0iaHR0cDovL3d3dy53My5vcmcvMjAwMC9zdmciPjwvc3ZnPg==\" class=\"lazyload\" \/><\/figure>\n\n\n\n<p>Homem destr\u00f3i bal\u00f5es que lembravam v\u00edtimas do rompimento, em Brumadinho<\/p>\n\n\n\n<p>De acordo com Josiane Melo, presidente da Avabrum, o homem n\u00e3o foi identificado.<\/p>\n\n\n\n<p>Onze pessoas ainda est\u00e3o desaparecidas desde o rompimento da barragem B1, da Mina do C\u00f3rrego do Feij\u00e3o. At\u00e9 o momento, 259 v\u00edtimas foram identificadas pela Pol\u00edcia Civil.\u00a0As buscas foram suspensas, em mar\u00e7o deste ano, por conta da pandemia de coronav\u00edrus.<\/p>\n\n\n\n<figure class=\"wp-block-image\"><img decoding=\"async\" data-src=\"https:\/\/s2.glbimg.com\/6ViVt0LY_Z8u9rquwzNz1nUe3Vg=\/0x0:1260x578\/984x0\/smart\/filters:strip_icc()\/i.s3.glbimg.com\/v1\/AUTH_59edd422c0c84a879bd37670ae4f538a\/internal_photos\/bs\/2020\/t\/d\/o78AATRT6teFrUNnAAZQ\/brumadinho.jpg\" alt=\"Bal\u00f5es foram destru\u00eddos por um homem \u2014 Foto: Redes sociais\" src=\"data:image\/svg+xml;base64,PHN2ZyB3aWR0aD0iMSIgaGVpZ2h0PSIxIiB4bWxucz0iaHR0cDovL3d3dy53My5vcmcvMjAwMC9zdmciPjwvc3ZnPg==\" class=\"lazyload\" \/><\/figure>\n\n\n\n<p>Bal\u00f5es foram destru\u00eddos por um homem \u2014 Foto: Redes sociais<\/p>\n\n\n\n<figure class=\"wp-block-image\"><img decoding=\"async\" data-src=\"https:\/\/s2.glbimg.com\/BUYjmjVASxo1IR9vW7WX18VMniM=\/0x0:998x601\/984x0\/smart\/filters:strip_icc()\/i.s3.glbimg.com\/v1\/AUTH_59edd422c0c84a879bd37670ae4f538a\/internal_photos\/bs\/2020\/Q\/h\/VgzkBsQH2xUkM7acqc0w\/brumadinho.jpg\" alt=\"Homenagem feita em Brumadinho \u2014 Foto: Redes sociais\" src=\"data:image\/svg+xml;base64,PHN2ZyB3aWR0aD0iMSIgaGVpZ2h0PSIxIiB4bWxucz0iaHR0cDovL3d3dy53My5vcmcvMjAwMC9zdmciPjwvc3ZnPg==\" class=\"lazyload\" \/><\/figure>\n\n\n\n<p>Homenagem feita em Brumadinho \u2014 Foto: Redes sociais<\/p>\n","protected":false},"excerpt":{"rendered":"<p>Um v\u00eddeo mostra um homem pisando e destruindo bal\u00f5es colocados para homenagear as v\u00edtimas do rompimento da barragem da Vale, em Brumadinho, na Regi\u00e3o Metropolitana&hellip; <\/p>\n","protected":false},"author":1,"featured_media":180760,"comment_status":"closed","ping_status":"closed","sticky":false,"template":"","format":"standard","meta":{"sfsi_plus_gutenberg_text_before_share":"","sfsi_plus_gutenberg_show_text_before_share":"","sfsi_plus_gutenberg_icon_type":"","sfsi_plus_gutenberg_icon_alignemt":"","sfsi_plus_gutenburg_max_per_row":"","footnotes":""},"categories":[2],"tags":[],"class_list":["post-180758","post","type-post","status-publish","format-standard","has-post-thumbnail","hentry","category-geral"],"_links":{"self":[{"href":"https:\/\/www.caririemacao.com\/1\/wp-json\/wp\/v2\/posts\/180758","targetHints":{"allow":["GET"]}}],"collection":[{"href":"https:\/\/www.caririemacao.com\/1\/wp-json\/wp\/v2\/posts"}],"about":[{"href":"https:\/\/www.caririemacao.com\/1\/wp-json\/wp\/v2\/types\/post"}],"author":[{"embeddable":true,"href":"https:\/\/www.caririemacao.com\/1\/wp-json\/wp\/v2\/users\/1"}],"replies":[{"embeddable":true,"href":"https:\/\/www.caririemacao.com\/1\/wp-json\/wp\/v2\/comments?post=180758"}],"version-history":[{"count":1,"href":"https:\/\/www.caririemacao.com\/1\/wp-json\/wp\/v2\/posts\/180758\/revisions"}],"predecessor-version":[{"id":180763,"href":"https:\/\/www.caririemacao.com\/1\/wp-json\/wp\/v2\/posts\/180758\/revisions\/180763"}],"wp:featuredmedia":[{"embeddable":true,"href":"https:\/\/www.caririemacao.com\/1\/wp-json\/wp\/v2\/media\/180760"}],"wp:attachment":[{"href":"https:\/\/www.caririemacao.com\/1\/wp-json\/wp\/v2\/media?parent=180758"}],"wp:term":[{"taxonomy":"category","embeddable":true,"href":"https:\/\/www.caririemacao.com\/1\/wp-json\/wp\/v2\/categories?post=180758"},{"taxonomy":"post_tag","embeddable":true,"href":"https:\/\/www.caririemacao.com\/1\/wp-json\/wp\/v2\/tags?post=180758"}],"curies":[{"name":"wp","href":"https:\/\/api.w.org\/{rel}","templated":true}]}}