{"id":180764,"date":"2020-07-27T15:12:27","date_gmt":"2020-07-27T18:12:27","guid":{"rendered":"https:\/\/www.caririemacao.com\/1\/?p=180764"},"modified":"2020-07-27T15:12:27","modified_gmt":"2020-07-27T18:12:27","slug":"jovem-muda-versao-e-admite-que-dirigia-carro-que-capotou-e-matou-amiga-de-20-anos-diz-delegado","status":"publish","type":"post","link":"https:\/\/www.caririemacao.com\/1\/2020\/07\/27\/jovem-muda-versao-e-admite-que-dirigia-carro-que-capotou-e-matou-amiga-de-20-anos-diz-delegado\/","title":{"rendered":"Jovem muda vers\u00e3o e admite que dirigia carro que capotou e matou amiga de 20 anos, diz delegado"},"content":{"rendered":"\n<p>O estudante Luiz Henrique Neves dos Santos admitiu, em depoimento \u00e0 pol\u00edcia na manh\u00e3 desta segunda-feira (27), que era ele quem dirigia o carro que\u00a0bateu em um poste e capotou, matando a jovem Yara Brendariol Graciano, de 20 anos. O acidente foi na madrugada de s\u00e1bado (25), em Itatiba (SP).<\/p>\n\n\n\n<figure class=\"wp-block-image\"><img decoding=\"async\" data-src=\"https:\/\/s02.video.glbimg.com\/x240\/8729313.jpg\" alt=\"Jovem confessa que estava dirigindo carro durante acidente que matou amiga\" title=\"Jovem confessa que estava dirigindo carro durante acidente que matou amiga\" src=\"data:image\/svg+xml;base64,PHN2ZyB3aWR0aD0iMSIgaGVpZ2h0PSIxIiB4bWxucz0iaHR0cDovL3d3dy53My5vcmcvMjAwMC9zdmciPjwvc3ZnPg==\" class=\"lazyload\" \/><\/figure>\n\n\n\n<p>Jovem confessa que estava dirigindo carro durante acidente que matou amiga<\/p>\n\n\n\n<p>Segundo o delegado Jos\u00e9 M\u00e1rio, Luiz Henrique prestou depoimento no fim da manh\u00e3 e mudou a vers\u00e3o que tinha contado anteriormente. Quando o acidente foi registrado, o rapaz disse \u00e0 Pol\u00edcia Militar que tinha emprestado o carro para a amiga.<\/p>\n\n\n\n<figure class=\"wp-block-image\"><img decoding=\"async\" data-src=\"https:\/\/s2.glbimg.com\/i06BkXO429iQ-cNAQkuhagImANs=\/0x0:1053x825\/984x0\/smart\/filters:strip_icc()\/i.s3.glbimg.com\/v1\/AUTH_59edd422c0c84a879bd37670ae4f538a\/internal_photos\/bs\/2020\/q\/8\/PJtVG3RfCotzySeBMGgw\/whatsapp-image-2020-07-27-at-10.55.52.jpeg\" alt=\"Acidente deixou uma jovem de 20 anos morta em Itatiba \u2014 Foto: Arquivo Pessoal\" src=\"data:image\/svg+xml;base64,PHN2ZyB3aWR0aD0iMSIgaGVpZ2h0PSIxIiB4bWxucz0iaHR0cDovL3d3dy53My5vcmcvMjAwMC9zdmciPjwvc3ZnPg==\" class=\"lazyload\" \/><\/figure>\n\n\n\n<p>Acidente deixou uma jovem de 20 anos morta em Itatiba \u2014 Foto: Arquivo Pessoal<\/p>\n\n\n\n<p>Em entrevista ao\u00a0<strong>G1<\/strong>, ele chegou a falar que achava que a jovem tinha\u00a0se atrapalhado com os pedais do carro autom\u00e1tico\u00a0e que tinha pedido desculpas \u00e0 fam\u00edlia da v\u00edtima por ter deixado ela dirigir, mesmo sem habilita\u00e7\u00e3o.<\/p>\n\n\n\n<p>Com a confiss\u00e3o de que estava na dire\u00e7\u00e3o do ve\u00edculo, o jovem, que antes ia responder por homic\u00eddio culposo, por entregar o carro para uma pessoa n\u00e3o habilitada, vai agora responder por outros tr\u00eas crimes. &#8220;A situa\u00e7\u00e3o reverteu. Ele vai ser indiciado por homic\u00eddio culposo, les\u00e3o corporal e embriaguez ao volante.<\/p>\n\n\n\n<p>Segundo o delegado, os outros jovens que estavam no carro foram ouvidos e tamb\u00e9m disseram que Luiz Henrique guiava o carro, que pertence ao pai dele.<\/p>\n\n\n\n<figure class=\"wp-block-image\"><img decoding=\"async\" data-src=\"https:\/\/s2.glbimg.com\/jmE_8WNdPLOm4lR4s1zC_bmsZ2M=\/0x0:1746x981\/984x0\/smart\/filters:strip_icc()\/i.s3.glbimg.com\/v1\/AUTH_59edd422c0c84a879bd37670ae4f538a\/internal_photos\/bs\/2020\/V\/o\/zus0jyQuiWJvfNJBXAAg\/itatiba2.jpg\" alt=\"Carro atingiu post e capotou em Itatiba \u2014 Foto: Arquivo pessoal\" src=\"data:image\/svg+xml;base64,PHN2ZyB3aWR0aD0iMSIgaGVpZ2h0PSIxIiB4bWxucz0iaHR0cDovL3d3dy53My5vcmcvMjAwMC9zdmciPjwvc3ZnPg==\" class=\"lazyload\" \/><\/figure>\n\n\n\n<p>Carro atingiu post e capotou em Itatiba \u2014 Foto: Arquivo pessoal<\/p>\n\n\n\n<h2 class=\"wp-block-heading\">O acidente<\/h2>\n\n\n\n<p>O acidente foi registrado na madrugada de s\u00e1bado (25). O carro com cinco jovens seguia pela rua Jos\u00e9 Luiz Leone quando bateu em um poste e capotou.<\/p>\n\n\n\n<figure class=\"wp-block-image\"><img decoding=\"async\" data-src=\"https:\/\/s02.video.glbimg.com\/x240\/8729313.jpg\" alt=\"Jovem confessa que estava dirigindo carro durante acidente que matou amiga\" title=\"Jovem confessa que estava dirigindo carro durante acidente que matou amiga\" src=\"data:image\/svg+xml;base64,PHN2ZyB3aWR0aD0iMSIgaGVpZ2h0PSIxIiB4bWxucz0iaHR0cDovL3d3dy53My5vcmcvMjAwMC9zdmciPjwvc3ZnPg==\" class=\"lazyload\" \/><\/figure>\n\n\n\n<p>&#8211;:&#8211;\/&#8211;:&#8211;<\/p>\n\n\n\n<p>Jovem confessa que estava dirigindo carro durante acidente que matou amiga<\/p>\n\n\n\n<p>Dentro do carro, segundo o registro, estavam o motorista Luiz Henrique, de 20 anos, a estudante Yara Brendariol, tamb\u00e9m de 20 anos, al\u00e9m de outros tr\u00eas jovens, entre 19 e 21 anos.<\/p>\n\n\n\n<p>Todos foram socorridos com ferimentos leves, mas Yara ficou gravemente ferida e n\u00e3o resistiu. A estudante foi enterrada na manh\u00e3 de domingo (26).<\/p>\n\n\n\n<figure class=\"wp-block-image\"><img decoding=\"async\" data-src=\"https:\/\/s2.glbimg.com\/iXmGoQQknHbygqsd0KSrrRSqFn8=\/0x0:887x535\/984x0\/smart\/filters:strip_icc()\/i.s3.glbimg.com\/v1\/AUTH_59edd422c0c84a879bd37670ae4f538a\/internal_photos\/bs\/2020\/A\/7\/HAxz0fQZuYgFIn0OBfNg\/itatiba.jpg\" alt=\"Jovem morreu em acidente em Itatiba \u2014 Foto: Reprodu\u00e7\u00e3o\/Facebook\" src=\"data:image\/svg+xml;base64,PHN2ZyB3aWR0aD0iMSIgaGVpZ2h0PSIxIiB4bWxucz0iaHR0cDovL3d3dy53My5vcmcvMjAwMC9zdmciPjwvc3ZnPg==\" class=\"lazyload\" \/><\/figure>\n\n\n\n<p>Jovem morreu em acidente em Itatiba \u2014 Foto: Reprodu\u00e7\u00e3o\/Facebook<\/p>\n\n\n\n<p>COM G1<\/p>\n","protected":false},"excerpt":{"rendered":"<p>O estudante Luiz Henrique Neves dos Santos admitiu, em depoimento \u00e0 pol\u00edcia na manh\u00e3 desta segunda-feira (27), que era ele quem dirigia o carro que\u00a0bateu&hellip; <\/p>\n","protected":false},"author":1,"featured_media":180768,"comment_status":"closed","ping_status":"closed","sticky":false,"template":"","format":"standard","meta":{"sfsi_plus_gutenberg_text_before_share":"","sfsi_plus_gutenberg_show_text_before_share":"","sfsi_plus_gutenberg_icon_type":"","sfsi_plus_gutenberg_icon_alignemt":"","sfsi_plus_gutenburg_max_per_row":"","footnotes":""},"categories":[50,12],"tags":[],"class_list":["post-180764","post","type-post","status-publish","format-standard","has-post-thumbnail","hentry","category-destaque","category-policia"],"_links":{"self":[{"href":"https:\/\/www.caririemacao.com\/1\/wp-json\/wp\/v2\/posts\/180764","targetHints":{"allow":["GET"]}}],"collection":[{"href":"https:\/\/www.caririemacao.com\/1\/wp-json\/wp\/v2\/posts"}],"about":[{"href":"https:\/\/www.caririemacao.com\/1\/wp-json\/wp\/v2\/types\/post"}],"author":[{"embeddable":true,"href":"https:\/\/www.caririemacao.com\/1\/wp-json\/wp\/v2\/users\/1"}],"replies":[{"embeddable":true,"href":"https:\/\/www.caririemacao.com\/1\/wp-json\/wp\/v2\/comments?post=180764"}],"version-history":[{"count":1,"href":"https:\/\/www.caririemacao.com\/1\/wp-json\/wp\/v2\/posts\/180764\/revisions"}],"predecessor-version":[{"id":180769,"href":"https:\/\/www.caririemacao.com\/1\/wp-json\/wp\/v2\/posts\/180764\/revisions\/180769"}],"wp:featuredmedia":[{"embeddable":true,"href":"https:\/\/www.caririemacao.com\/1\/wp-json\/wp\/v2\/media\/180768"}],"wp:attachment":[{"href":"https:\/\/www.caririemacao.com\/1\/wp-json\/wp\/v2\/media?parent=180764"}],"wp:term":[{"taxonomy":"category","embeddable":true,"href":"https:\/\/www.caririemacao.com\/1\/wp-json\/wp\/v2\/categories?post=180764"},{"taxonomy":"post_tag","embeddable":true,"href":"https:\/\/www.caririemacao.com\/1\/wp-json\/wp\/v2\/tags?post=180764"}],"curies":[{"name":"wp","href":"https:\/\/api.w.org\/{rel}","templated":true}]}}