{"id":180772,"date":"2020-07-27T15:18:58","date_gmt":"2020-07-27T18:18:58","guid":{"rendered":"https:\/\/www.caririemacao.com\/1\/?p=180772"},"modified":"2020-07-27T15:18:59","modified_gmt":"2020-07-27T18:18:59","slug":"governo-da-paraiba-paga-primeira-parcela-do-13o-salario-aos-servidores-da-ativa-em-agosto","status":"publish","type":"post","link":"https:\/\/www.caririemacao.com\/1\/2020\/07\/27\/governo-da-paraiba-paga-primeira-parcela-do-13o-salario-aos-servidores-da-ativa-em-agosto\/","title":{"rendered":"Governo da Para\u00edba paga primeira parcela do 13\u00ba sal\u00e1rio aos servidores da ativa em agosto"},"content":{"rendered":"\n<h1 class=\"wp-block-heading\"><\/h1>\n\n\n\n<p>Todos os servidores da ativa do estado da Para\u00edba receber\u00e3o&nbsp;em agosto a primeira parcela do 13\u00ba sal\u00e1rio. O an\u00fancio foi feito pelo governador Jo\u00e3o Azev\u00eado, durante o programa Fala Governador, desta segunda-feira (27), na r\u00e1dio Tabajara. Na semana passada, o gestor ainda informado que o pagamento poderia acontecer&nbsp;nos meses agosto, setembro e outubro, dependendo das secretarias, mas ap\u00f3s analisar o cronograma, decidiu antecipar.&nbsp;<\/p>\n\n\n\n<p>&#8220;N\u00f3s t\u00ednhamos programado para a primeira parcela ser paga ou adiantamento do 13\u00ba acontecesse nos meses de agosto, setembro e outubro para que a gente pudesse ali pagar a primeira parcela ou antecipa\u00e7\u00e3o do 13\u00ba. Eu quero anunciar nesse momento que toda antecipa\u00e7\u00e3o j\u00e1 vai poder ser feita no m\u00eas de agosto. Ent\u00e3o, agora no m\u00eas de agosto, pagaremos&nbsp;a todos os servidores da ativa a primeira parcela&#8221;, revelou.&nbsp;<\/p>\n","protected":false},"excerpt":{"rendered":"<p>Todos os servidores da ativa do estado da Para\u00edba receber\u00e3o&nbsp;em agosto a primeira parcela do 13\u00ba sal\u00e1rio. O an\u00fancio foi feito pelo governador Jo\u00e3o Azev\u00eado,&hellip; <\/p>\n","protected":false},"author":2,"featured_media":180774,"comment_status":"closed","ping_status":"closed","sticky":false,"template":"","format":"standard","meta":{"sfsi_plus_gutenberg_text_before_share":"","sfsi_plus_gutenberg_show_text_before_share":"","sfsi_plus_gutenberg_icon_type":"","sfsi_plus_gutenberg_icon_alignemt":"","sfsi_plus_gutenburg_max_per_row":"","footnotes":""},"categories":[11],"tags":[],"class_list":["post-180772","post","type-post","status-publish","format-standard","has-post-thumbnail","hentry","category-politica"],"_links":{"self":[{"href":"https:\/\/www.caririemacao.com\/1\/wp-json\/wp\/v2\/posts\/180772","targetHints":{"allow":["GET"]}}],"collection":[{"href":"https:\/\/www.caririemacao.com\/1\/wp-json\/wp\/v2\/posts"}],"about":[{"href":"https:\/\/www.caririemacao.com\/1\/wp-json\/wp\/v2\/types\/post"}],"author":[{"embeddable":true,"href":"https:\/\/www.caririemacao.com\/1\/wp-json\/wp\/v2\/users\/2"}],"replies":[{"embeddable":true,"href":"https:\/\/www.caririemacao.com\/1\/wp-json\/wp\/v2\/comments?post=180772"}],"version-history":[{"count":1,"href":"https:\/\/www.caririemacao.com\/1\/wp-json\/wp\/v2\/posts\/180772\/revisions"}],"predecessor-version":[{"id":180775,"href":"https:\/\/www.caririemacao.com\/1\/wp-json\/wp\/v2\/posts\/180772\/revisions\/180775"}],"wp:featuredmedia":[{"embeddable":true,"href":"https:\/\/www.caririemacao.com\/1\/wp-json\/wp\/v2\/media\/180774"}],"wp:attachment":[{"href":"https:\/\/www.caririemacao.com\/1\/wp-json\/wp\/v2\/media?parent=180772"}],"wp:term":[{"taxonomy":"category","embeddable":true,"href":"https:\/\/www.caririemacao.com\/1\/wp-json\/wp\/v2\/categories?post=180772"},{"taxonomy":"post_tag","embeddable":true,"href":"https:\/\/www.caririemacao.com\/1\/wp-json\/wp\/v2\/tags?post=180772"}],"curies":[{"name":"wp","href":"https:\/\/api.w.org\/{rel}","templated":true}]}}