{"id":180777,"date":"2020-07-27T16:34:00","date_gmt":"2020-07-27T19:34:00","guid":{"rendered":"https:\/\/www.caririemacao.com\/1\/?p=180777"},"modified":"2020-07-27T16:37:21","modified_gmt":"2020-07-27T19:37:21","slug":"bolsonaro-retoma-os-trabalhos-no-planalto-apos-dizer-que-exame-de-covid-19-deu-negativo-2","status":"publish","type":"post","link":"https:\/\/www.caririemacao.com\/1\/2020\/07\/27\/bolsonaro-retoma-os-trabalhos-no-planalto-apos-dizer-que-exame-de-covid-19-deu-negativo-2\/","title":{"rendered":"Bolsonaro retoma os trabalhos no Planalto ap\u00f3s dizer que exame de Covid-19 deu negativo"},"content":{"rendered":"\n<p>O presidente&nbsp;Jair Bolsonaro&nbsp;retomou na manh\u00e3 desta segunda-feira (27) a rotina de trabalho no Pal\u00e1cio do Planalto, ap\u00f3s anunciar no s\u00e1bado (25)&nbsp;ter se recuperado da Covid-19, doen\u00e7a provocada pelo novo&nbsp;coronav\u00edrus.<\/p>\n\n\n\n<p>Bolsonaro foi&nbsp;diagnosticado com Covid-19 no dia de 7 julho&nbsp;e por quase tr\u00eas semanas trabalhou na resid\u00eancia oficial do Pal\u00e1cio da Alvorada, onde mora com a fam\u00edlia.<\/p>\n\n\n\n<p>Nas \u00faltimas semanas, o presidente assinou documentos de forma digital e realizou reuni\u00f5es e participou de solenidades por videoconfer\u00eancia, como a&nbsp;posse do novo ministro da Educa\u00e7\u00e3o, Milton Ribeiro.<\/p>\n\n\n\n<p>O presidente tamb\u00e9m fez caminhadas pelos jardins do Alvorada e na semana passada andou de motocicleta na \u00e1rea interna do pal\u00e1cio, quando foi fotografado sem m\u00e1scara conversando com profissionais de limpeza.<\/p>\n\n\n\n<figure class=\"wp-block-image\"><img decoding=\"async\" data-src=\"https:\/\/s2.glbimg.com\/atcFrf-Yk9kekKMgSNyc6_Jh2Tk=\/0x0:2120x1413\/984x0\/smart\/filters:strip_icc()\/i.s3.glbimg.com\/v1\/AUTH_59edd422c0c84a879bd37670ae4f538a\/internal_photos\/bs\/2020\/q\/H\/Z877mKThmT1BtdE7x3dQ\/2020-07-23t152902z-93617697-rc23zh9j3rap-rtrmadp-3-health-coronavirus-brazil-1-.jpg\" alt=\"Sem m\u00e1scara, o presidente Jair Bolsonaro conversa com funcion\u00e1rios do Pal\u00e1cio da Alvorada, em Bras\u00edlia, ap\u00f3s tirar o capacete durante passeio de moto dentro da \u00e1rea do pal\u00e1cio. \u2014 Foto: Foto: Adriano Machado\/Reuters\" src=\"data:image\/svg+xml;base64,PHN2ZyB3aWR0aD0iMSIgaGVpZ2h0PSIxIiB4bWxucz0iaHR0cDovL3d3dy53My5vcmcvMjAwMC9zdmciPjwvc3ZnPg==\" class=\"lazyload\" \/><\/figure>\n\n\n\n<p>Sem m\u00e1scara, o presidente Jair Bolsonaro conversa com funcion\u00e1rios do Pal\u00e1cio da Alvorada, em Bras\u00edlia, ap\u00f3s tirar o capacete durante passeio de moto dentro da \u00e1rea do pal\u00e1cio. \u2014 Foto: Foto: Adriano Machado\/Reuters<\/p>\n\n\n\n<p>Bolsonaro s\u00f3 deixou a resid\u00eancia oficial no s\u00e1bado, depois de anunciar nas redes sociais que o quarto teste realizado teve resultado negativo.<\/p>\n\n\n\n<p>Logo ap\u00f3s a publica\u00e7\u00e3o na rede social neste s\u00e1bado,&nbsp;Bolsonaro saiu de moto por Bras\u00edlia, acompanhado por seguran\u00e7as. O presidente foi a uma loja no Setor de Ind\u00fastria e Abastecimento (SIA), onde foi visto sem m\u00e1scara.<\/p>\n\n\n\n<p>COM G1<\/p>\n","protected":false},"excerpt":{"rendered":"<p>O presidente&nbsp;Jair Bolsonaro&nbsp;retomou na manh\u00e3 desta segunda-feira (27) a rotina de trabalho no Pal\u00e1cio do Planalto, ap\u00f3s anunciar no s\u00e1bado (25)&nbsp;ter se recuperado da Covid-19,&hellip; <\/p>\n","protected":false},"author":1,"featured_media":180792,"comment_status":"closed","ping_status":"closed","sticky":false,"template":"","format":"standard","meta":{"sfsi_plus_gutenberg_text_before_share":"","sfsi_plus_gutenberg_show_text_before_share":"","sfsi_plus_gutenberg_icon_type":"","sfsi_plus_gutenberg_icon_alignemt":"","sfsi_plus_gutenburg_max_per_row":"","footnotes":""},"categories":[50,98],"tags":[],"class_list":["post-180777","post","type-post","status-publish","format-standard","has-post-thumbnail","hentry","category-destaque","category-presidente"],"_links":{"self":[{"href":"https:\/\/www.caririemacao.com\/1\/wp-json\/wp\/v2\/posts\/180777","targetHints":{"allow":["GET"]}}],"collection":[{"href":"https:\/\/www.caririemacao.com\/1\/wp-json\/wp\/v2\/posts"}],"about":[{"href":"https:\/\/www.caririemacao.com\/1\/wp-json\/wp\/v2\/types\/post"}],"author":[{"embeddable":true,"href":"https:\/\/www.caririemacao.com\/1\/wp-json\/wp\/v2\/users\/1"}],"replies":[{"embeddable":true,"href":"https:\/\/www.caririemacao.com\/1\/wp-json\/wp\/v2\/comments?post=180777"}],"version-history":[{"count":2,"href":"https:\/\/www.caririemacao.com\/1\/wp-json\/wp\/v2\/posts\/180777\/revisions"}],"predecessor-version":[{"id":180793,"href":"https:\/\/www.caririemacao.com\/1\/wp-json\/wp\/v2\/posts\/180777\/revisions\/180793"}],"wp:featuredmedia":[{"embeddable":true,"href":"https:\/\/www.caririemacao.com\/1\/wp-json\/wp\/v2\/media\/180792"}],"wp:attachment":[{"href":"https:\/\/www.caririemacao.com\/1\/wp-json\/wp\/v2\/media?parent=180777"}],"wp:term":[{"taxonomy":"category","embeddable":true,"href":"https:\/\/www.caririemacao.com\/1\/wp-json\/wp\/v2\/categories?post=180777"},{"taxonomy":"post_tag","embeddable":true,"href":"https:\/\/www.caririemacao.com\/1\/wp-json\/wp\/v2\/tags?post=180777"}],"curies":[{"name":"wp","href":"https:\/\/api.w.org\/{rel}","templated":true}]}}