{"id":180782,"date":"2020-07-27T16:23:22","date_gmt":"2020-07-27T19:23:22","guid":{"rendered":"https:\/\/www.caririemacao.com\/1\/?p=180782"},"modified":"2020-07-27T16:23:22","modified_gmt":"2020-07-27T19:23:22","slug":"prefeitura-de-monteiro-inicia-pagamento-do-mes-de-julho-do-funcionalismo-municipal","status":"publish","type":"post","link":"https:\/\/www.caririemacao.com\/1\/2020\/07\/27\/prefeitura-de-monteiro-inicia-pagamento-do-mes-de-julho-do-funcionalismo-municipal\/","title":{"rendered":"Prefeitura de Monteiro inicia pagamento do m\u00eas de julho do funcionalismo municipal"},"content":{"rendered":"\n<p>A Prefeitura de Monteiro inicia nesta ter\u00e7a-feira, 28, o pagamento dos vencimentos do funcionalismo municipal referente ao m\u00eas de julho.<\/p>\n\n\n\n<p>Inativos, pensionistas, Montran, Cendov e Secretaria de Desenvolvimento Social recebem primeiro, na quarta-feira dia 29 recebem os funcion\u00e1rios da Secretaria de Sa\u00fade e por fim na quinta-feira dia 30 recebem a Secretaria de Educa\u00e7\u00e3o juntamente com as demais.<\/p>\n\n\n\n<p>A Prefeitura de Monteiro vem realizando desde 2017, o pagamento do funcionalismo dentro do m\u00eas trabalhado como forma de responsabilidade para com os profissionais. De acordo com a secret\u00e1ria de Finan\u00e7as, Rosilda Henrique, somente neste m\u00eas foram injetados na economia &nbsp;R$1.250.000,00 referentes ao 13\u00ba sal\u00e1rio dos funcion\u00e1rios ativos e em torno de R$2.800.000,00 ser\u00e3o acrescentados com os sal\u00e1rios do m\u00eas de julho.<\/p>\n\n\n\n<p>Al\u00e9m dos proventos, a Prefeitura de Monteiro vem incrementando tamb\u00e9m o sal\u00e1rio dos profissionais de sa\u00fade que est\u00e3o atuando na linha de frente no combate ao coronav\u00edrus, com a incorpora\u00e7\u00e3o tempor\u00e1ria de 20% (vinte por cento) sobre o sal\u00e1rio base do servidor, concedido j\u00e1 na folha de pagamento do m\u00eas de abril, e se estende at\u00e9 o limite de dura\u00e7\u00e3o da situa\u00e7\u00e3o de emerg\u00eancia em sa\u00fade p\u00fablica.<\/p>\n","protected":false},"excerpt":{"rendered":"<p>A Prefeitura de Monteiro inicia nesta ter\u00e7a-feira, 28, o pagamento dos vencimentos do funcionalismo municipal referente ao m\u00eas de julho. Inativos, pensionistas, Montran, Cendov e&hellip; <\/p>\n","protected":false},"author":1,"featured_media":180783,"comment_status":"closed","ping_status":"closed","sticky":false,"template":"","format":"standard","meta":{"sfsi_plus_gutenberg_text_before_share":"","sfsi_plus_gutenberg_show_text_before_share":"","sfsi_plus_gutenberg_icon_type":"","sfsi_plus_gutenberg_icon_alignemt":"","sfsi_plus_gutenburg_max_per_row":"","footnotes":""},"categories":[6],"tags":[],"class_list":["post-180782","post","type-post","status-publish","format-standard","has-post-thumbnail","hentry","category-cidades"],"_links":{"self":[{"href":"https:\/\/www.caririemacao.com\/1\/wp-json\/wp\/v2\/posts\/180782","targetHints":{"allow":["GET"]}}],"collection":[{"href":"https:\/\/www.caririemacao.com\/1\/wp-json\/wp\/v2\/posts"}],"about":[{"href":"https:\/\/www.caririemacao.com\/1\/wp-json\/wp\/v2\/types\/post"}],"author":[{"embeddable":true,"href":"https:\/\/www.caririemacao.com\/1\/wp-json\/wp\/v2\/users\/1"}],"replies":[{"embeddable":true,"href":"https:\/\/www.caririemacao.com\/1\/wp-json\/wp\/v2\/comments?post=180782"}],"version-history":[{"count":1,"href":"https:\/\/www.caririemacao.com\/1\/wp-json\/wp\/v2\/posts\/180782\/revisions"}],"predecessor-version":[{"id":180784,"href":"https:\/\/www.caririemacao.com\/1\/wp-json\/wp\/v2\/posts\/180782\/revisions\/180784"}],"wp:featuredmedia":[{"embeddable":true,"href":"https:\/\/www.caririemacao.com\/1\/wp-json\/wp\/v2\/media\/180783"}],"wp:attachment":[{"href":"https:\/\/www.caririemacao.com\/1\/wp-json\/wp\/v2\/media?parent=180782"}],"wp:term":[{"taxonomy":"category","embeddable":true,"href":"https:\/\/www.caririemacao.com\/1\/wp-json\/wp\/v2\/categories?post=180782"},{"taxonomy":"post_tag","embeddable":true,"href":"https:\/\/www.caririemacao.com\/1\/wp-json\/wp\/v2\/tags?post=180782"}],"curies":[{"name":"wp","href":"https:\/\/api.w.org\/{rel}","templated":true}]}}