{"id":180785,"date":"2020-07-27T16:27:11","date_gmt":"2020-07-27T19:27:11","guid":{"rendered":"https:\/\/www.caririemacao.com\/1\/?p=180785"},"modified":"2020-07-27T16:27:11","modified_gmt":"2020-07-27T19:27:11","slug":"secretaria-de-cultura-participa-de-dialogos-culturais-sobre-a-implementacao-da-lei-aldir-blanc","status":"publish","type":"post","link":"https:\/\/www.caririemacao.com\/1\/2020\/07\/27\/secretaria-de-cultura-participa-de-dialogos-culturais-sobre-a-implementacao-da-lei-aldir-blanc\/","title":{"rendered":"Secret\u00e1ria de Cultura participa de &#8220;Di\u00e1logos Culturais&#8221; sobre a implementa\u00e7\u00e3o da Lei Aldir Blanc"},"content":{"rendered":"\n<p>Na \u00faltima sexta-feira, 24, a secret\u00e1ria de Cultura e Turismo de Monteiro, Christiane Leal, esteve reunida juntamente com o Articulador de Cultura da 5\u00aa regi\u00e3o &nbsp;&#8211; Rivelino Neves e outros profissionais representantes do setor cultural do munic\u00edpio para discutir a implementa\u00e7\u00e3o da lei da Lei n\u00ba 14.017\/2020, denominada como &#8220;Lei Aldir Blanc&#8221;.<\/p>\n\n\n\n<p>Intitulado como &#8220;Di\u00e1logos Culturais&#8221;, o encontro consiste em uma s\u00e9rie de debates que o Estado est\u00e1 realizando com os secret\u00e1rios e dirigentes municipais de cultura para esclarecer aspectos sobre a implementa\u00e7\u00e3o da &#8220;Lei Aldir Blanc&#8221;.<\/p>\n\n\n\n<p>De acordo com informa\u00e7\u00f5es da secret\u00e1ria da pasta, a reuni\u00e3o foi bastante proveitosa no sentido da abordagem de uma forma mais profunda, auxiliando os profissionais tirando d\u00favidas.<br><strong>Cadastro<\/strong><br>Ainda segundo informa\u00e7\u00f5es da secret\u00e1ria Christiane Leal, todos os artistas que se incluem na Lei Aldir Blanc dever\u00e3o realizar o cadastro municipal, pois, esta \u00e9 uma das prerrogativas para o recebimento do benef\u00edcio.<\/p>\n\n\n\n<p>A Secretaria Municipal de Cultura e Turismo recebe a classe art\u00edstica para o cadastro na Biblioteca Municipal, nas proximidades da Pra\u00e7a Jo\u00e3o Pessoa, das 08 \u00e0s 12h.<\/p>\n","protected":false},"excerpt":{"rendered":"<p>Na \u00faltima sexta-feira, 24, a secret\u00e1ria de Cultura e Turismo de Monteiro, Christiane Leal, esteve reunida juntamente com o Articulador de Cultura da 5\u00aa regi\u00e3o&hellip; <\/p>\n","protected":false},"author":1,"featured_media":180786,"comment_status":"closed","ping_status":"closed","sticky":false,"template":"","format":"standard","meta":{"sfsi_plus_gutenberg_text_before_share":"","sfsi_plus_gutenberg_show_text_before_share":"","sfsi_plus_gutenberg_icon_type":"","sfsi_plus_gutenberg_icon_alignemt":"","sfsi_plus_gutenburg_max_per_row":"","footnotes":""},"categories":[6],"tags":[],"class_list":["post-180785","post","type-post","status-publish","format-standard","has-post-thumbnail","hentry","category-cidades"],"_links":{"self":[{"href":"https:\/\/www.caririemacao.com\/1\/wp-json\/wp\/v2\/posts\/180785","targetHints":{"allow":["GET"]}}],"collection":[{"href":"https:\/\/www.caririemacao.com\/1\/wp-json\/wp\/v2\/posts"}],"about":[{"href":"https:\/\/www.caririemacao.com\/1\/wp-json\/wp\/v2\/types\/post"}],"author":[{"embeddable":true,"href":"https:\/\/www.caririemacao.com\/1\/wp-json\/wp\/v2\/users\/1"}],"replies":[{"embeddable":true,"href":"https:\/\/www.caririemacao.com\/1\/wp-json\/wp\/v2\/comments?post=180785"}],"version-history":[{"count":1,"href":"https:\/\/www.caririemacao.com\/1\/wp-json\/wp\/v2\/posts\/180785\/revisions"}],"predecessor-version":[{"id":180787,"href":"https:\/\/www.caririemacao.com\/1\/wp-json\/wp\/v2\/posts\/180785\/revisions\/180787"}],"wp:featuredmedia":[{"embeddable":true,"href":"https:\/\/www.caririemacao.com\/1\/wp-json\/wp\/v2\/media\/180786"}],"wp:attachment":[{"href":"https:\/\/www.caririemacao.com\/1\/wp-json\/wp\/v2\/media?parent=180785"}],"wp:term":[{"taxonomy":"category","embeddable":true,"href":"https:\/\/www.caririemacao.com\/1\/wp-json\/wp\/v2\/categories?post=180785"},{"taxonomy":"post_tag","embeddable":true,"href":"https:\/\/www.caririemacao.com\/1\/wp-json\/wp\/v2\/tags?post=180785"}],"curies":[{"name":"wp","href":"https:\/\/api.w.org\/{rel}","templated":true}]}}