{"id":180788,"date":"2020-07-27T16:35:36","date_gmt":"2020-07-27T19:35:36","guid":{"rendered":"https:\/\/www.caririemacao.com\/1\/?p=180788"},"modified":"2020-07-27T16:35:36","modified_gmt":"2020-07-27T19:35:36","slug":"no-retorno-do-isolamento-bolsonaro-tenta-se-equilibrar-entre-radicais-e-o-pragmatismo-para-governar","status":"publish","type":"post","link":"https:\/\/www.caririemacao.com\/1\/2020\/07\/27\/no-retorno-do-isolamento-bolsonaro-tenta-se-equilibrar-entre-radicais-e-o-pragmatismo-para-governar\/","title":{"rendered":"No retorno do isolamento, Bolsonaro tenta se equilibrar entre radicais e o pragmatismo para governar"},"content":{"rendered":"\n<p>O presidente Jair Bolsonaro retoma a agenda presencial depois de duas semanas de isolamento, per\u00edodo em que testou positivo para Covid-19, com o desafio de se equilibrar entre seus apoiadores mais radicais e ao mesmo tempo manter a postura de melhor di\u00e1logo institucional com os poderes Legislativo e Judici\u00e1rio.<\/p>\n\n\n\n<p>Auxiliares do presidente viram nos gestos do fim de semana uma sinaliza\u00e7\u00e3o do tom que Bolsonaro deve adotar nos pr\u00f3ximos meses.<\/p>\n\n\n\n<p>Um exemplo foi a A\u00e7\u00e3o Direta de Inconstitucionalidade (ADI) no Supremo Tribunal Federal (STF)\u00a0protocolada pela Advocacia-Geral da Uni\u00e3o\u00a0(AGU) pedindo a suspens\u00e3o de decis\u00f5es judiciais na esfera criminal que tenham determinado bloqueio, interdi\u00e7\u00e3o e suspens\u00e3o de perfis em redes sociais.<\/p>\n\n\n\n<p>Um interlocutor lembra que, em passado recente, Bolsonaro evitava o caminho institucional e optava por fazer duras cr\u00edticas em tom de amea\u00e7as aos ministros do STF. A a\u00e7\u00e3o foi protocolada um dia ap\u00f3s 16 apoiadores do presidente, investigados por suposta dissemina\u00e7\u00e3o de fake news, terem perfis bloqueados pelo Twitter e pelo Facebook.<\/p>\n\n\n\n<p>O bloqueio foi determinado pelo ministro Alexandre de Moraes, do STF, que \u00e9 o relator do inqu\u00e9rito das fake news. A AGU \u00e9 gen\u00e9rica na a\u00e7\u00e3o e n\u00e3o cita especificamente a decis\u00e3o de Moraes, mas todas que determinaram bloqueio semelhante. O governo argumenta que n\u00e3o est\u00e1 defendendo a pr\u00e1tica de il\u00edcitos penais.<\/p>\n\n\n\n<p>Outro movimento de Bolsonaro no fim de semana foi a visita para a deputada Bia Kics (PSL-DF), que na semana passada\u00a0foi destitu\u00edda do cargo de vice-l\u00edder do governo no Congresso\u00a0depois de votar contra a PEC do Fundeb, o que deixou o pr\u00f3prio governo exposto. Bolsonaro n\u00e3o voltou atr\u00e1s em sua decis\u00e3o de tir\u00e1-la da vice-lideran\u00e7a, mas fez um gesto simb\u00f3lico para prestigiar a aliada, que integra o grupo mais radical de apoiadores do presidente.<\/p>\n\n\n\n<p>\u201cTudo sinaliza para um movimento de acomoda\u00e7\u00e3o de Bolsonaro entre o seu grupo extremista e a necessidade de ser pragm\u00e1tico para governar\u201d, observou ao blog um auxiliar pr\u00f3ximo do presidente.<\/p>\n\n\n\n<p>COM G1<\/p>\n","protected":false},"excerpt":{"rendered":"<p>O presidente Jair Bolsonaro retoma a agenda presencial depois de duas semanas de isolamento, per\u00edodo em que testou positivo para Covid-19, com o desafio de&hellip; <\/p>\n","protected":false},"author":1,"featured_media":177741,"comment_status":"closed","ping_status":"closed","sticky":false,"template":"","format":"standard","meta":{"sfsi_plus_gutenberg_text_before_share":"","sfsi_plus_gutenberg_show_text_before_share":"","sfsi_plus_gutenberg_icon_type":"","sfsi_plus_gutenberg_icon_alignemt":"","sfsi_plus_gutenburg_max_per_row":"","footnotes":""},"categories":[50,98],"tags":[],"class_list":["post-180788","post","type-post","status-publish","format-standard","has-post-thumbnail","hentry","category-destaque","category-presidente"],"_links":{"self":[{"href":"https:\/\/www.caririemacao.com\/1\/wp-json\/wp\/v2\/posts\/180788","targetHints":{"allow":["GET"]}}],"collection":[{"href":"https:\/\/www.caririemacao.com\/1\/wp-json\/wp\/v2\/posts"}],"about":[{"href":"https:\/\/www.caririemacao.com\/1\/wp-json\/wp\/v2\/types\/post"}],"author":[{"embeddable":true,"href":"https:\/\/www.caririemacao.com\/1\/wp-json\/wp\/v2\/users\/1"}],"replies":[{"embeddable":true,"href":"https:\/\/www.caririemacao.com\/1\/wp-json\/wp\/v2\/comments?post=180788"}],"version-history":[{"count":1,"href":"https:\/\/www.caririemacao.com\/1\/wp-json\/wp\/v2\/posts\/180788\/revisions"}],"predecessor-version":[{"id":180791,"href":"https:\/\/www.caririemacao.com\/1\/wp-json\/wp\/v2\/posts\/180788\/revisions\/180791"}],"wp:featuredmedia":[{"embeddable":true,"href":"https:\/\/www.caririemacao.com\/1\/wp-json\/wp\/v2\/media\/177741"}],"wp:attachment":[{"href":"https:\/\/www.caririemacao.com\/1\/wp-json\/wp\/v2\/media?parent=180788"}],"wp:term":[{"taxonomy":"category","embeddable":true,"href":"https:\/\/www.caririemacao.com\/1\/wp-json\/wp\/v2\/categories?post=180788"},{"taxonomy":"post_tag","embeddable":true,"href":"https:\/\/www.caririemacao.com\/1\/wp-json\/wp\/v2\/tags?post=180788"}],"curies":[{"name":"wp","href":"https:\/\/api.w.org\/{rel}","templated":true}]}}