{"id":180790,"date":"2020-07-27T17:01:39","date_gmt":"2020-07-27T20:01:39","guid":{"rendered":"https:\/\/www.caririemacao.com\/1\/?p=180790"},"modified":"2020-07-27T17:01:39","modified_gmt":"2020-07-27T20:01:39","slug":"relaxamento-do-distanciamento-e-aglomeracoes-sao-responsaveis-por-novos-surtos-em-paises-que-tinham-controlado-a-pandemia-alerta-oms","status":"publish","type":"post","link":"https:\/\/www.caririemacao.com\/1\/2020\/07\/27\/relaxamento-do-distanciamento-e-aglomeracoes-sao-responsaveis-por-novos-surtos-em-paises-que-tinham-controlado-a-pandemia-alerta-oms\/","title":{"rendered":"Relaxamento do distanciamento e aglomera\u00e7\u00f5es s\u00e3o respons\u00e1veis por novos surtos em pa\u00edses que tinham controlado a pandemia, alerta OMS"},"content":{"rendered":"\n<p>A Organiza\u00e7\u00e3o Mundial da Sa\u00fade (OMS) demonstrou preocupa\u00e7\u00e3o nesta segunda-feira (27) com regi\u00f5es que onde os casos de coronav\u00edrus voltaram a crescer, como a Europa e a \u00c1sia.<\/p>\n\n\n\n<p>A l\u00edder t\u00e9cnica da OMS, Maria van Kerkhove, explicou que, apesar de v\u00e1rios pa\u00edses j\u00e1 terem passado a primeira onda de transmiss\u00e3o, o ressurgimento dos casos nestes pa\u00edses est\u00e3o relacionados com o relaxamento das medidas contra o coronav\u00edrus em \u00e1reas que reabriram ind\u00fastrias e casas de eventos e bares.<\/p>\n\n\n\n<p>&#8220;Em muitos pa\u00edses estamos vendo casos ressurgindo. Estamos vendo isso em \u00e1reas em particular&#8221;, disse Kerkhove, se referindo \u00e0s ind\u00fastrias e lugares com vida noturna. &#8220;[Neste lugares], as pessoas ficam juntas, perto uma das outras e em um per\u00edodo prolongado de tempo.&#8221;<\/p>\n\n\n\n<p>Ao relaxarem as orienta\u00e7\u00f5es de distanciamento, cuidados pessoais e deixar de evitar aglomera\u00e7\u00f5es, a l\u00edder t\u00e9cnica explica que estes pa\u00edses est\u00e3o criando &#8220;uma oportunidade de voltar para a comunidade.&#8221;<\/p>\n\n\n\n<blockquote class=\"wp-block-quote is-layout-flow wp-block-quote-is-layout-flow\"><p>&#8220;Estamos vendo em muitos pa\u00edses [que j\u00e1 passaram a primeira onda da pandemia]: quando o v\u00edrus encontra lugares com oportunidade para se transmitir, ele traz efeitos devastadores&#8221;, alertou Kerkhove.<\/p><\/blockquote>\n\n\n\n<p>A l\u00edder t\u00e9cnica da entidade defendeu que n\u00e3o h\u00e1 como viver como viv\u00edamos antes da pandemia e que o &#8220;novo normal&#8221; inclui distanciamento e usar m\u00e1scaras.<\/p>\n\n\n\n<p>&#8220;Como \u00e9 o novo normal? O novo normal inclui dist\u00e2ncia f\u00edsica dos outros, inclui usar m\u00e1scaras quando \u00e9 recomendado, inclui sabermos todos os dias se est\u00e1 o v\u00edrus est\u00e1 onde vivemos, onde trabalhamos, aonde queremos viajar&#8221;, recomendou Kerkhove.<\/p>\n\n\n\n<p>O diretor-geral da OMS, Tedros Adhanom Gebreyesus, voltou a refor\u00e7ar as medidas contra o coronav\u00edrus indicadas desde o in\u00edcio da pandemia, como isolamento e distanciamento social, lavar as m\u00e3os com \u00e1gua e sab\u00e3o e uso de m\u00e1scara em lugares p\u00fablico.<\/p>\n\n\n\n<p>&#8220;Mantenha dist\u00e2ncia de outras pessoas, limpe as m\u00e3os, evite \u00e1reas aglomeradas e lugares fechados e use uma m\u00e1scara quando recomendado. Onde essas medidas s\u00e3o seguidas, os casos diminuem. Onde n\u00e3o s\u00e3o, os casos aumentam&#8221;, orientou Tedros.<\/p>\n\n\n\n<p>Por parte das autoridades sanit\u00e1rias e governos, Tedros refor\u00e7ou que \u00e9 preciso &#8220;encontrar, isolar, testar e cuidar de todos os casos, e rastrear e colocar em quarentena seus contatos.&#8221;<\/p>\n\n\n\n<h2 class=\"wp-block-heading\">Ressurgimento dos casos<\/h2>\n\n\n\n<p>Na Espanha, um m\u00eas ap\u00f3s o pa\u00eds encerrar o estado de emerg\u00eancia, cidades como\u00a0Barcelona, Zaragoza e a Madri registraram aumento de novas infec\u00e7\u00f5es, o que levou o governo a avisar que uma segunda onda pode ser iminente. O governo da Catalunha anunciou que bares noturnos e discotecas da regi\u00e3o ter\u00e3o que fechar por duas semanas.<\/p>\n\n\n\n<p>Alemanha e Fran\u00e7a tamb\u00e9m est\u00e3o enfrentando aumento de novos casos da Covid-19 nos \u00faltimos dias, segundo a BBC.<\/p>\n\n\n\n<p>Na \u00c1sia, v\u00e1rios est\u00e3o enfrentando uma segunda onda de infec\u00e7\u00f5es do novo coronav\u00edrus\u00a0e voltando a se fechar para tentar conter a doen\u00e7a, segundo a Reuters. Hong Kong voltou a impor restri\u00e7\u00f5es e o Vietn\u00e3 isolou a cidade de Danang esta semana.<\/p>\n\n\n\n<p>Em junho, ap\u00f3s conseguir controlar casos em alguns estados, os Estados Unidos tamb\u00e9m viram um aumento repentino de novas transmiss\u00f5es e tiveram que retroceder nas medidas de abertura.<\/p>\n\n\n\n<figure class=\"wp-block-image\"><img decoding=\"async\" data-src=\"https:\/\/s02.video.glbimg.com\/x240\/8726841.jpg\" alt=\"Europeus est\u00e3o preocupados com \u2018segunda onda\u2019 da pandemia\" title=\"Europeus est\u00e3o preocupados com \u2018segunda onda\u2019 da pandemia\" src=\"data:image\/svg+xml;base64,PHN2ZyB3aWR0aD0iMSIgaGVpZ2h0PSIxIiB4bWxucz0iaHR0cDovL3d3dy53My5vcmcvMjAwMC9zdmciPjwvc3ZnPg==\" class=\"lazyload\" \/><\/figure>\n\n\n\n<p>Europeus est\u00e3o preocupados com \u2018segunda onda\u2019 da pandemia<\/p>\n\n\n\n<h2 class=\"wp-block-heading\">6 meses de pandemia<\/h2>\n\n\n\n<p>Ainda nesta segunda, a OMS alertou que os casos globais da pandemia quase dobraram nas \u00faltimas 6 semanas.<\/p>\n\n\n\n<p>&#8220;A pandemia continua a acelerar. Nas \u00faltimas 6 semanas, o n\u00famero total de casos aproximadamente dobrou&#8221;, afirmou o diretor-geral da OMS, Tedros Adhanom Gebreyesus.<\/p>\n\n\n\n<p>O dado significa que, com um total de mais de 16 milh\u00f5es de infectados durante os quase seis meses de pandemia, o mundo registrou cerca de 8 milh\u00f5es de casos em apenas seis semanas.<\/p>\n\n\n\n<p>O diretor-geral da entidade lembrou que na pr\u00f3xima quinta-feira (30) faz seis meses desde que a OMS declarou emerg\u00eancia de sa\u00fade p\u00fablica de interesse internacional por causa do\u00a0coronav\u00edrus.<\/p>\n\n\n\n<blockquote class=\"wp-block-quote is-layout-flow wp-block-quote-is-layout-flow\"><p>&#8220;Esta \u00e9 a sexta vez que uma emerg\u00eancia de sa\u00fade p\u00fablica de interesse internacional \u00e9 declarada sob o Regulamento Sanit\u00e1rio Internacional, mas \u00e9 facilmente a mais grave&#8221;, disse Tedros sobre a pandemia do coronav\u00edrus.<\/p><\/blockquote>\n\n\n\n<p>De acordo com o balan\u00e7o da universidade norte-americana Johns Hopkins, o mundo tinha, at\u00e9 as 8h30 desta segunda-feira, 16.264.048 casos confirmados e 648,9 mil mortes.<\/p>\n\n\n\n<figure class=\"wp-block-image\"><img decoding=\"async\" data-src=\"https:\/\/s03.video.glbimg.com\/x240\/8729022.jpg\" alt=\"N\u00famero de mortes por coronav\u00edrus no mundo se aproxima de 650 mil\" title=\"N\u00famero de mortes por coronav\u00edrus no mundo se aproxima de 650 mil\" src=\"data:image\/svg+xml;base64,PHN2ZyB3aWR0aD0iMSIgaGVpZ2h0PSIxIiB4bWxucz0iaHR0cDovL3d3dy53My5vcmcvMjAwMC9zdmciPjwvc3ZnPg==\" class=\"lazyload\" \/><\/figure>\n\n\n\n<p>N\u00famero de mortes por coronav\u00edrus no mundo se aproxima de 650 mil<\/p>\n\n\n\n<p>O Brasil contabilizava 87.058 mortes por coronav\u00edrus e 2.420.143 casos confirmados\u00a0at\u00e9 as 8h desta segunda-feira (27), segundo levantamento do cons\u00f3rcio de ve\u00edculos de imprensa a partir de dados das secretarias estaduais de Sa\u00fade.<\/p>\n\n\n\n<p>COM G1<\/p>\n","protected":false},"excerpt":{"rendered":"<p>A Organiza\u00e7\u00e3o Mundial da Sa\u00fade (OMS) demonstrou preocupa\u00e7\u00e3o nesta segunda-feira (27) com regi\u00f5es que onde os casos de coronav\u00edrus voltaram a crescer, como a Europa&hellip; <\/p>\n","protected":false},"author":1,"featured_media":180799,"comment_status":"closed","ping_status":"closed","sticky":false,"template":"","format":"standard","meta":{"sfsi_plus_gutenberg_text_before_share":"","sfsi_plus_gutenberg_show_text_before_share":"","sfsi_plus_gutenberg_icon_type":"","sfsi_plus_gutenberg_icon_alignemt":"","sfsi_plus_gutenburg_max_per_row":"","footnotes":""},"categories":[50,16],"tags":[],"class_list":["post-180790","post","type-post","status-publish","format-standard","has-post-thumbnail","hentry","category-destaque","category-saude"],"_links":{"self":[{"href":"https:\/\/www.caririemacao.com\/1\/wp-json\/wp\/v2\/posts\/180790","targetHints":{"allow":["GET"]}}],"collection":[{"href":"https:\/\/www.caririemacao.com\/1\/wp-json\/wp\/v2\/posts"}],"about":[{"href":"https:\/\/www.caririemacao.com\/1\/wp-json\/wp\/v2\/types\/post"}],"author":[{"embeddable":true,"href":"https:\/\/www.caririemacao.com\/1\/wp-json\/wp\/v2\/users\/1"}],"replies":[{"embeddable":true,"href":"https:\/\/www.caririemacao.com\/1\/wp-json\/wp\/v2\/comments?post=180790"}],"version-history":[{"count":1,"href":"https:\/\/www.caririemacao.com\/1\/wp-json\/wp\/v2\/posts\/180790\/revisions"}],"predecessor-version":[{"id":180800,"href":"https:\/\/www.caririemacao.com\/1\/wp-json\/wp\/v2\/posts\/180790\/revisions\/180800"}],"wp:featuredmedia":[{"embeddable":true,"href":"https:\/\/www.caririemacao.com\/1\/wp-json\/wp\/v2\/media\/180799"}],"wp:attachment":[{"href":"https:\/\/www.caririemacao.com\/1\/wp-json\/wp\/v2\/media?parent=180790"}],"wp:term":[{"taxonomy":"category","embeddable":true,"href":"https:\/\/www.caririemacao.com\/1\/wp-json\/wp\/v2\/categories?post=180790"},{"taxonomy":"post_tag","embeddable":true,"href":"https:\/\/www.caririemacao.com\/1\/wp-json\/wp\/v2\/tags?post=180790"}],"curies":[{"name":"wp","href":"https:\/\/api.w.org\/{rel}","templated":true}]}}