{"id":180794,"date":"2020-07-27T16:59:19","date_gmt":"2020-07-27T19:59:19","guid":{"rendered":"https:\/\/www.caririemacao.com\/1\/?p=180794"},"modified":"2020-07-27T16:59:19","modified_gmt":"2020-07-27T19:59:19","slug":"nao-seja-blase-com-a-covid-19-diz-piloto-que-ficou-2-meses-em-coma-e-perdeu-movimento-das-pernas","status":"publish","type":"post","link":"https:\/\/www.caririemacao.com\/1\/2020\/07\/27\/nao-seja-blase-com-a-covid-19-diz-piloto-que-ficou-2-meses-em-coma-e-perdeu-movimento-das-pernas\/","title":{"rendered":"&#8216;N\u00e3o seja blas\u00e9 com a Covid-19&#8217;, diz piloto que ficou 2 meses em coma e perdeu movimento das pernas"},"content":{"rendered":"\n<p>Um piloto escoc\u00eas que passou mais de dois meses em coma induzido, usando um respirador em uma unidade de tratamento intensivo no Vietn\u00e3, fez um alerta para os que t\u00eam relaxado em medidas de preven\u00e7\u00e3o contra o coronav\u00edrus.<\/p>\n\n\n\n<p>&#8220;N\u00e3o sejam blas\u00e9s com o coronav\u00edrus.&#8221;<\/p>\n\n\n\n<p>Stephen Cameron, de 42 anos, ficou conhecido nacionalmente no Vietn\u00e3, que n\u00e3o registra nenhuma morte pelo covid-19, por conta da gravidade de seu quadro de sa\u00fade.<\/p>\n\n\n\n<p>L\u00e1, ele era conhecido como &#8220;Paciente 91&#8221; \u2014 apelido que recebeu em mar\u00e7o, quando foi internado.<\/p>\n\n\n\n<blockquote class=\"wp-block-quote is-layout-flow wp-block-quote-is-layout-flow\"><p>A capacidade do pulm\u00e3o de Cameron, que chegou a sofrer fal\u00eancia m\u00faltipla de \u00f3rg\u00e3os, se reduziu a 10% da original no auge da doen\u00e7a. Aproximadamente 30 quilos mais magro, ele ainda tenta voltar a andar.<\/p><\/blockquote>\n\n\n\n<p>&#8220;Sou um exemplo vivo do que esse v\u00edrus pode fazer e de como \u00e9 grave&#8221;, disse ele \u00e0 BBC, j\u00e1 em uma cama de hospital em Wishaw, na Esc\u00f3cia.<\/p>\n\n\n\n<blockquote class=\"wp-block-quote is-layout-flow wp-block-quote-is-layout-flow\"><p>&#8220;As pessoas podem fechar a cara sobre terem que usar prote\u00e7\u00e3o ou manter distanciamento de 2 metros, todas essas coisas, mas eu tive a doen\u00e7a e fiquei 10 semanas ligados a aparelhos&#8221;, afirmou. &#8220;N\u00e3o \u00e9 brincadeira. \u00c9 muito s\u00e9rio.&#8221;<\/p><\/blockquote>\n\n\n\n<p>Seus m\u00e9dicos dizem que ele agora enfrenta &#8220;um longo caminho&#8221; para a recupera\u00e7\u00e3o.<\/p>\n\n\n\n<h2 class=\"wp-block-heading\">&#8216;Paciente mais doente da \u00c1sia&#8217;<\/h2>\n\n\n\n<p>Para o m\u00e9dico respirat\u00f3rio Manish Patel, respons\u00e1vel pelos cuidados de Cameron desde seu retorno \u00e0 Esc\u00f3cia, em 12 de julho, &#8220;as pessoas dizem que entrar na UTI \u00e9 como correr uma maratona. No caso de Stephen, acho que ele correu v\u00e1rias ultra maratonas&#8221;.<\/p>\n\n\n\n<p>O piloto fez um alerta sobre a poss\u00edvel resposta limitada que sistemas de sa\u00fade p\u00fablica podem dar a casos graves como o seu.<\/p>\n\n\n\n<p>&#8220;N\u00e3o acho que o NHS (sistema de sa\u00fade p\u00fablica brit\u00e2nico, similar ao SUS brasileiro) pode responder a contento se houver uma onda de pessoas que precisem da quantidade de cuidados e suporte de vida que eu precisei.&#8221;<\/p>\n\n\n\n<p>O piloto passou 68 dias ligado a um respirador.<\/p>\n\n\n\n<figure class=\"wp-block-image\"><img decoding=\"async\" data-src=\"https:\/\/s2.glbimg.com\/k4lAvwbHUCfGjfGfTpb4rBo-Bo8=\/0x0:624x351\/984x0\/smart\/filters:strip_icc()\/i.s3.glbimg.com\/v1\/AUTH_59edd422c0c84a879bd37670ae4f538a\/internal_photos\/bs\/2020\/b\/6\/qVIyWOQqWYAc4je50lRw\/piloto2.jpg\" alt=\"Piloto escoc\u00eas que passou mais de dois meses em coma induzido, usando um respirador em uma unidade de tratamento intensivo no Vietn\u00e3, fez um alerta para os que t\u00eam relaxado em medidas de preven\u00e7\u00e3o contra o coronav\u00edrus \u2014 Foto: Governo do Vietn\u00e3\" src=\"data:image\/svg+xml;base64,PHN2ZyB3aWR0aD0iMSIgaGVpZ2h0PSIxIiB4bWxucz0iaHR0cDovL3d3dy53My5vcmcvMjAwMC9zdmciPjwvc3ZnPg==\" class=\"lazyload\" \/><\/figure>\n\n\n\n<p>Piloto escoc\u00eas que passou mais de dois meses em coma induzido, usando um respirador em uma unidade de tratamento intensivo no Vietn\u00e3, fez um alerta para os que t\u00eam relaxado em medidas de preven\u00e7\u00e3o contra o coronav\u00edrus \u2014 Foto: Governo do Vietn\u00e3<\/p>\n\n\n\n<p>Na maior parte do tempo tamb\u00e9m dependeu de uma m\u00e1quina Ecmo, uma ferramenta de suporte de vida que permite respira\u00e7\u00e3o extracorporal e \u00e9 usada apenas nos casos mais extremos.<\/p>\n\n\n\n<p>&#8220;Me disseram que eu era o paciente mais doente da \u00c1sia durante um per\u00edodo&#8221;, disse ele.<\/p>\n\n\n\n<p>&#8220;E por causa das coisas que aprenderam com o meu caso, os m\u00e9dicos do Vietn\u00e3 foram capazes de empregar esse conhecimento em pacientes com quadros semelhantes.&#8221;<\/p>\n\n\n\n<h2 class=\"wp-block-heading\">Coma induzido<\/h2>\n\n\n\n<p>Patel disse \u00e0 BBC que Cameron ter sobrevivido tanto tempo em coma induzido por medicamentos foi &#8220;excepcional&#8221;.<\/p>\n\n\n\n<p>&#8220;N\u00e3o temos muita experi\u00eancia ou refer\u00eancias sobre pessoas ligadas a um respirador por mais de um m\u00eas e meio&#8221;, disse ele.<\/p>\n\n\n\n<p>Segundo dados da Sociedade de Terapia Intensiva Escocesa, tr\u00eas quartos dos sobreviventes de Covid-19 permanecem em terapia intensiva por menos de 21 dias e s\u00e3o ventilados por um per\u00edodo ainda mais curto.<\/p>\n\n\n\n<p>Por pouco, Cameron n\u00e3o precisou passar por um transplante de pulm\u00e3o depois que sua capacidade de respira\u00e7\u00e3o caiu para 10%.<\/p>\n\n\n\n<p>Ele tamb\u00e9m sofreu fal\u00eancia de v\u00e1rios \u00f3rg\u00e3os e perdeu 30 kg de peso enquanto estava em coma.<\/p>\n\n\n\n<p>Hoje, ainda luta para voltar a caminhar.<\/p>\n\n\n\n<figure class=\"wp-block-image\"><img decoding=\"async\" data-src=\"https:\/\/s2.glbimg.com\/S_KExj91sFKzOJEoFArPUakNLEU=\/0x0:624x351\/984x0\/smart\/filters:strip_icc()\/i.s3.glbimg.com\/v1\/AUTH_59edd422c0c84a879bd37670ae4f538a\/internal_photos\/bs\/2020\/N\/W\/085FPNRLereBX087QAXQ\/piloto3.jpg\" alt=\"Piloto por pouco n\u00e3o precisou de um transplante pulmonar, quando a capacidade de seus pulm\u00f5es caiu para 10% \u2014 Foto: BBC\" src=\"data:image\/svg+xml;base64,PHN2ZyB3aWR0aD0iMSIgaGVpZ2h0PSIxIiB4bWxucz0iaHR0cDovL3d3dy53My5vcmcvMjAwMC9zdmciPjwvc3ZnPg==\" class=\"lazyload\" \/><\/figure>\n\n\n\n<p>Piloto por pouco n\u00e3o precisou de um transplante pulmonar, quando a capacidade de seus pulm\u00f5es caiu para 10% \u2014 Foto: BBC<\/p>\n\n\n\n<p>&#8220;Quando acordei, eu pensei: poderei voltar a andar?&#8221;, disse. &#8220;Eu n\u00e3o sabia se estava paralisado por toda a vida, porque n\u00e3o conseguia sentir meus p\u00e9s.&#8221;<\/p>\n\n\n\n<p>&#8220;Eu n\u00e3o tinha certeza se esse seria o fim da minha carreira de piloto.&#8221;<\/p>\n\n\n\n<p>O objetivo de Cameron \u00e9 pilotar um avi\u00e3o novamente &#8220;no pr\u00f3ximo ano&#8221;. Mas sua reabilita\u00e7\u00e3o ser\u00e1 longa e \u00e1rdua, e sua seguran\u00e7a no emprego foi posta em d\u00favida pelos efeitos devastadores que a pandemia provocou na ind\u00fastria asi\u00e1tica de viagens a\u00e9reas.<\/p>\n\n\n\n<h2 class=\"wp-block-heading\">Nenhuma morte por Covid-19<\/h2>\n\n\n\n<p>Ele chegou mais perto de morrer pelo coronav\u00edrus do que qualquer outra pessoa no Vietn\u00e3, que teve menos de 10 interna\u00e7\u00f5es na UTI e menos de 500 casos confirmados.<\/p>\n\n\n\n<p>O esfor\u00e7o para mant\u00ea-lo vivo e evitar uma \u00fanica morte pelo v\u00edrus em um pa\u00eds de 95 milh\u00f5es de pessoas envolveu os melhores m\u00e9dicos de tratamento intensivo do Vietn\u00e3.<\/p>\n\n\n\n<p>Sua hist\u00f3ria foi manchete em jornais nacionais e boletins de not\u00edcias na TV.<\/p>\n\n\n\n<p>&#8220;A grande maioria do pa\u00eds conhecia o &#8216;Paciente 91&#8217;, que era meu apelido&#8221;, disse ele.<\/p>\n\n\n\n<p>&#8220;No telejornal noturno mais importante, eles mostraram e discutiram meus raios-X, minhas tomografias, as estat\u00edsticas sobre o meu quadro em um segmento de cinco minutos.&#8221;<\/p>\n\n\n\n<p>&#8220;Devo dizer que fico um pouco chocado quando penso sobre isso&#8221;, diz.<\/p>\n\n\n\n<p>Centenas de jornalistas e cidad\u00e3os vietnamitas assistiram \u00e0 sa\u00edda de Cameron do hospital na cidade de Ho Chi Minh, duas semanas atr\u00e1s.<\/p>\n\n\n\n<p>Infectado em um bar frequentado por estrangeiros que vivem no pa\u00eds, ponto de origem do maior surto do sul do Vietn\u00e3, seu caso causou pol\u00eamica, pois havia especula\u00e7\u00f5es de que ele pr\u00f3prio teria sido a fonte do surto.<\/p>\n\n\n\n<p>&#8220;Parecia haver um desejo de atribuir a mim a chegada do v\u00edrus do exterior, j\u00e1 que eu tinha feito uma viagem para Bangcoc para um visto uma semana antes&#8221;, disse ele \u00e0 BBC em junho, quando ainda estava no Vietn\u00e3.<\/p>\n\n\n\n<p>&#8220;Eu fui a primeira pessoa a levantar as m\u00e3os e dizer: &#8216;Olha, n\u00e3o me sinto bem&#8217;. Era inevit\u00e1vel que eu fosse culpado&#8221;.<\/p>\n\n\n\n<p>Desde o retorno de Cameron ao Reino Unido, o ministro do Exterior do Reino Unido, Dominic Raab, agradeceu a seu colega no Vietn\u00e3, o ministro das Rela\u00e7\u00f5es Exteriores Pham Binh Minh, pelo tratamento dos 20 pacientes brit\u00e2nicos por covid-19 no pa\u00eds, incluindo Cameron.<\/p>\n\n\n\n<p>COM G1<\/p>\n","protected":false},"excerpt":{"rendered":"<p>Um piloto escoc\u00eas que passou mais de dois meses em coma induzido, usando um respirador em uma unidade de tratamento intensivo no Vietn\u00e3, fez um&hellip; <\/p>\n","protected":false},"author":1,"featured_media":180796,"comment_status":"closed","ping_status":"closed","sticky":false,"template":"","format":"standard","meta":{"sfsi_plus_gutenberg_text_before_share":"","sfsi_plus_gutenberg_show_text_before_share":"","sfsi_plus_gutenberg_icon_type":"","sfsi_plus_gutenberg_icon_alignemt":"","sfsi_plus_gutenburg_max_per_row":"","footnotes":""},"categories":[50],"tags":[],"class_list":["post-180794","post","type-post","status-publish","format-standard","has-post-thumbnail","hentry","category-destaque"],"_links":{"self":[{"href":"https:\/\/www.caririemacao.com\/1\/wp-json\/wp\/v2\/posts\/180794","targetHints":{"allow":["GET"]}}],"collection":[{"href":"https:\/\/www.caririemacao.com\/1\/wp-json\/wp\/v2\/posts"}],"about":[{"href":"https:\/\/www.caririemacao.com\/1\/wp-json\/wp\/v2\/types\/post"}],"author":[{"embeddable":true,"href":"https:\/\/www.caririemacao.com\/1\/wp-json\/wp\/v2\/users\/1"}],"replies":[{"embeddable":true,"href":"https:\/\/www.caririemacao.com\/1\/wp-json\/wp\/v2\/comments?post=180794"}],"version-history":[{"count":1,"href":"https:\/\/www.caririemacao.com\/1\/wp-json\/wp\/v2\/posts\/180794\/revisions"}],"predecessor-version":[{"id":180797,"href":"https:\/\/www.caririemacao.com\/1\/wp-json\/wp\/v2\/posts\/180794\/revisions\/180797"}],"wp:featuredmedia":[{"embeddable":true,"href":"https:\/\/www.caririemacao.com\/1\/wp-json\/wp\/v2\/media\/180796"}],"wp:attachment":[{"href":"https:\/\/www.caririemacao.com\/1\/wp-json\/wp\/v2\/media?parent=180794"}],"wp:term":[{"taxonomy":"category","embeddable":true,"href":"https:\/\/www.caririemacao.com\/1\/wp-json\/wp\/v2\/categories?post=180794"},{"taxonomy":"post_tag","embeddable":true,"href":"https:\/\/www.caririemacao.com\/1\/wp-json\/wp\/v2\/tags?post=180794"}],"curies":[{"name":"wp","href":"https:\/\/api.w.org\/{rel}","templated":true}]}}