{"id":180798,"date":"2020-07-27T17:05:23","date_gmt":"2020-07-27T20:05:23","guid":{"rendered":"https:\/\/www.caririemacao.com\/1\/?p=180798"},"modified":"2020-07-27T17:05:23","modified_gmt":"2020-07-27T20:05:23","slug":"maior-embarcacao-de-turismo-de-fernando-de-noronha-naufraga-a-caminho-do-recife","status":"publish","type":"post","link":"https:\/\/www.caririemacao.com\/1\/2020\/07\/27\/maior-embarcacao-de-turismo-de-fernando-de-noronha-naufraga-a-caminho-do-recife\/","title":{"rendered":"Maior embarca\u00e7\u00e3o de turismo de Fernando de Noronha naufraga a caminho do Recife"},"content":{"rendered":"\n<p>A escuna Toda Nua, maior embarca\u00e7\u00e3o de turismo de\u00a0Fernando de Noronha, naufragou na madrugada desta segunda-feira (27), a 12 milhas do Porto do\u00a0Recife, o que equivale a cerca de 20 quil\u00f4metros. O acidente aconteceu nas proximidades da Praia de Marinha Farinha, na cidade de\u00a0Paulista, Regi\u00e3o Metropolitana do Recife. A embarca\u00e7\u00e3o n\u00e3o transportava passageiros e os cinco tripulantes foram resgatados com vida.<\/p>\n\n\n\n<p>O barco partiu da ilha no s\u00e1bado (25), para manuten\u00e7\u00e3o no continente. Segundo relatos da tripula\u00e7\u00e3o, a viagem teve muito vento e mar revolto. O dono da escuna \u00e9 o presidente da Associa\u00e7\u00e3o de Barcos de Turismo de Noronha, Milton Luna, que acionou uma equipe de resgate, ao ser informado das dificuldades na embarca\u00e7\u00e3o.<\/p>\n\n\n\n<p>\u201cEstamos apurando o que aconteceu. O mais importante \u00e9 que conseguimos resgatar os cinco tripulantes com vida, est\u00e3o todos bem, em terra\u201d, afirmou Luna. O dono do barco, que est\u00e1 na ilha, iniciou os contatos para realizar uma opera\u00e7\u00e3o para i\u00e7ar e rebocar a escuna at\u00e9 o porto da capital pernambucana.<\/p>\n\n\n\n<p>A escuna Toda Nua tem 26 metros de comprimento e comporta at\u00e9 90 passageiros. O barco tem dois motores e dois mastros. A embarca\u00e7\u00e3o tamb\u00e9m era usada na ilha para festas flutuantes, como o passeio promovido\u00a0pelo festival Love Noronha,\u00a0no ano de 2019.<\/p>\n\n\n\n<p>COM G1<\/p>\n","protected":false},"excerpt":{"rendered":"<p>A escuna Toda Nua, maior embarca\u00e7\u00e3o de turismo de\u00a0Fernando de Noronha, naufragou na madrugada desta segunda-feira (27), a 12 milhas do Porto do\u00a0Recife, o que&hellip; <\/p>\n","protected":false},"author":1,"featured_media":180802,"comment_status":"closed","ping_status":"closed","sticky":false,"template":"","format":"standard","meta":{"sfsi_plus_gutenberg_text_before_share":"","sfsi_plus_gutenberg_show_text_before_share":"","sfsi_plus_gutenberg_icon_type":"","sfsi_plus_gutenberg_icon_alignemt":"","sfsi_plus_gutenburg_max_per_row":"","footnotes":""},"categories":[2],"tags":[],"class_list":["post-180798","post","type-post","status-publish","format-standard","has-post-thumbnail","hentry","category-geral"],"_links":{"self":[{"href":"https:\/\/www.caririemacao.com\/1\/wp-json\/wp\/v2\/posts\/180798","targetHints":{"allow":["GET"]}}],"collection":[{"href":"https:\/\/www.caririemacao.com\/1\/wp-json\/wp\/v2\/posts"}],"about":[{"href":"https:\/\/www.caririemacao.com\/1\/wp-json\/wp\/v2\/types\/post"}],"author":[{"embeddable":true,"href":"https:\/\/www.caririemacao.com\/1\/wp-json\/wp\/v2\/users\/1"}],"replies":[{"embeddable":true,"href":"https:\/\/www.caririemacao.com\/1\/wp-json\/wp\/v2\/comments?post=180798"}],"version-history":[{"count":1,"href":"https:\/\/www.caririemacao.com\/1\/wp-json\/wp\/v2\/posts\/180798\/revisions"}],"predecessor-version":[{"id":180803,"href":"https:\/\/www.caririemacao.com\/1\/wp-json\/wp\/v2\/posts\/180798\/revisions\/180803"}],"wp:featuredmedia":[{"embeddable":true,"href":"https:\/\/www.caririemacao.com\/1\/wp-json\/wp\/v2\/media\/180802"}],"wp:attachment":[{"href":"https:\/\/www.caririemacao.com\/1\/wp-json\/wp\/v2\/media?parent=180798"}],"wp:term":[{"taxonomy":"category","embeddable":true,"href":"https:\/\/www.caririemacao.com\/1\/wp-json\/wp\/v2\/categories?post=180798"},{"taxonomy":"post_tag","embeddable":true,"href":"https:\/\/www.caririemacao.com\/1\/wp-json\/wp\/v2\/tags?post=180798"}],"curies":[{"name":"wp","href":"https:\/\/api.w.org\/{rel}","templated":true}]}}