{"id":180805,"date":"2020-07-27T17:17:31","date_gmt":"2020-07-27T20:17:31","guid":{"rendered":"https:\/\/www.caririemacao.com\/1\/?p=180805"},"modified":"2020-07-27T17:17:31","modified_gmt":"2020-07-27T20:17:31","slug":"secretaria-de-saude-de-sao-sebastiao-do-umbuzeiro-atualiza-boletim-epidemiologico","status":"publish","type":"post","link":"https:\/\/www.caririemacao.com\/1\/2020\/07\/27\/secretaria-de-saude-de-sao-sebastiao-do-umbuzeiro-atualiza-boletim-epidemiologico\/","title":{"rendered":"Secretaria de Sa\u00fade de S\u00e3o Sebasti\u00e3o do Umbuzeiro atualiza Boletim Epidemiol\u00f3gico"},"content":{"rendered":"\n<p>A Secretaria Municipal de Sa\u00fade de S\u00e3o Sebasti\u00e3o do Umbuzeiro. Informa que nesta segunda-feira ,27 de julho 2020, foi realizado 01 (um) teste para Covid-19, sendo NEGATIVO. E temos 12 pacientes em MONITORAMENTO. <\/p>\n\n\n\n<p>S\u00e3o Sebasti\u00e3o do Umbuzeiro inicia hoje 27, na Bandeira Verde, mais poder\u00e1 sofre mudan\u00e7as a qualquer momento. Pois o COVID19 \u00e9 um v\u00edrus que tem grande poder de prolifera\u00e7\u00e3o tudo vai depender de como a sociedade se comporta diante do Novo Normal.<br><\/p>\n\n\n\n<p>Lembramos que o NOVO NORMAL, n\u00e3o \u00e9 a retomada da vida como antes! Veremos tamb\u00e9m muitos vidros separando pessoas, o uso de m\u00e1scaras faciais e a constante higieniza\u00e7\u00e3o. J\u00e1 grandes eventos presenciais devem ficar fora do panorama por algum tempo.<br><\/p>\n\n\n\n<p>Estando ou n\u00e3o com sintomas de COVID-19, todos devem usar m\u00e1scara, cobrindo boca e nariz. Em caso de forma\u00e7\u00e3o de fila, qualquer que seja o motivo, o estabelecimento obrigado a organiz\u00e1-la, de forma que seja estritamente observado o distanciamento m\u00ednimo de 2 (dois) metros entre as pessoas;<br><\/p>\n\n\n\n<p>Evitar qualquer tipo de aglomera\u00e7\u00e3o, ainda que no local destinado \u00e0 alimenta\u00e7\u00e3o ou descanso, estabelecendo e escalonando, se necess\u00e1rio, diversos hor\u00e1rios de intervalos, de forma a observar o distanciamento m\u00ednimo de 2 (dois) metros entre as pessoas no local;<br><\/p>\n\n\n\n<p>Os clientes devem usar m\u00e1scara durante toda a sua perman\u00eancia no estabelecimento, as quais devem ser fornecidas mediante esclarecimentos de medidas de seguran\u00e7a adotadas para todos que entrarem sem as mesmas;<br><\/p>\n\n\n\n<p>O uso de m\u00e1scaras \u00e9 obrigat\u00f3rio para todos os clientes, funcion\u00e1rios e lojistas. Cidad\u00e3os que n\u00e3o estiverem portando m\u00e1scaras n\u00e3o poder\u00e3o ingressar ao recinto;<br><\/p>\n\n\n\n<p>Ao tossir ou espirrar, deve-se cobrir o nariz e boca com len\u00e7os descart\u00e1veis e evitar tocar os olhos, nariz e boca, se n\u00e3o for poss\u00edvel, cobrir a boca e o nariz com o antebra\u00e7o, evitando levar as m\u00e3os ao rosto;<br><\/p>\n\n\n\n<p>Caso apresente febre e\/ou sintomas respirat\u00f3rios, tosse, congest\u00e3o nasal, dificuldade para respirar, falta de ar, dor de garganta, dores no corpo, dor de cabe\u00e7a, deve comunicar a Equipe de Sa\u00fade.<\/p>\n","protected":false},"excerpt":{"rendered":"<p>A Secretaria Municipal de Sa\u00fade de S\u00e3o Sebasti\u00e3o do Umbuzeiro. Informa que nesta segunda-feira ,27 de julho 2020, foi realizado 01 (um) teste para Covid-19,&hellip; <\/p>\n","protected":false},"author":1,"featured_media":180806,"comment_status":"closed","ping_status":"closed","sticky":false,"template":"","format":"standard","meta":{"sfsi_plus_gutenberg_text_before_share":"","sfsi_plus_gutenberg_show_text_before_share":"","sfsi_plus_gutenberg_icon_type":"","sfsi_plus_gutenberg_icon_alignemt":"","sfsi_plus_gutenburg_max_per_row":"","footnotes":""},"categories":[6],"tags":[],"class_list":["post-180805","post","type-post","status-publish","format-standard","has-post-thumbnail","hentry","category-cidades"],"_links":{"self":[{"href":"https:\/\/www.caririemacao.com\/1\/wp-json\/wp\/v2\/posts\/180805","targetHints":{"allow":["GET"]}}],"collection":[{"href":"https:\/\/www.caririemacao.com\/1\/wp-json\/wp\/v2\/posts"}],"about":[{"href":"https:\/\/www.caririemacao.com\/1\/wp-json\/wp\/v2\/types\/post"}],"author":[{"embeddable":true,"href":"https:\/\/www.caririemacao.com\/1\/wp-json\/wp\/v2\/users\/1"}],"replies":[{"embeddable":true,"href":"https:\/\/www.caririemacao.com\/1\/wp-json\/wp\/v2\/comments?post=180805"}],"version-history":[{"count":1,"href":"https:\/\/www.caririemacao.com\/1\/wp-json\/wp\/v2\/posts\/180805\/revisions"}],"predecessor-version":[{"id":180807,"href":"https:\/\/www.caririemacao.com\/1\/wp-json\/wp\/v2\/posts\/180805\/revisions\/180807"}],"wp:featuredmedia":[{"embeddable":true,"href":"https:\/\/www.caririemacao.com\/1\/wp-json\/wp\/v2\/media\/180806"}],"wp:attachment":[{"href":"https:\/\/www.caririemacao.com\/1\/wp-json\/wp\/v2\/media?parent=180805"}],"wp:term":[{"taxonomy":"category","embeddable":true,"href":"https:\/\/www.caririemacao.com\/1\/wp-json\/wp\/v2\/categories?post=180805"},{"taxonomy":"post_tag","embeddable":true,"href":"https:\/\/www.caririemacao.com\/1\/wp-json\/wp\/v2\/tags?post=180805"}],"curies":[{"name":"wp","href":"https:\/\/api.w.org\/{rel}","templated":true}]}}