{"id":180808,"date":"2020-07-27T17:25:21","date_gmt":"2020-07-27T20:25:21","guid":{"rendered":"https:\/\/www.caririemacao.com\/1\/?p=180808"},"modified":"2020-07-27T17:25:21","modified_gmt":"2020-07-27T20:25:21","slug":"secretaria-de-saude-de-monteiro-confirma-mais-12-casos-de-covid-19","status":"publish","type":"post","link":"https:\/\/www.caririemacao.com\/1\/2020\/07\/27\/secretaria-de-saude-de-monteiro-confirma-mais-12-casos-de-covid-19\/","title":{"rendered":"Secretaria de Sa\u00fade de Monteiro confirma mais 12 casos de Covid-19"},"content":{"rendered":"\n<p>Nota Informativa<br>Atualizada em 27\/07\/2020<\/p>\n\n\n\n<p>A Secretaria Municipal de Sa\u00fade de Monteiro informa que nesta segunda-feira, 27, tivemos mais 12 novos casos CONFIRMADOS para Covid-19.<\/p>\n\n\n\n<p>Sendo 08 casos de 01, 02, 03, 24, 27, 36, 43 e 70 anos de idade, sexo feminino e 04 (quatro) casos com 45, 49, 53 e 98 anos de idade, sexo masculino. Todos permanecem em isolamento domiciliar, acompanhados pela Vigil\u00e2ncia em Sa\u00fade do Munic\u00edpio.<\/p>\n\n\n\n<p>Atestamos que nesta data foram registrados mais 23 casos RECUPERADOS, totalizando, 173 casos recuperados da COVID 19.<\/p>\n\n\n\n<p>Refor\u00e7amos a import\u00e2ncia de toda popula\u00e7\u00e3o seguir as orienta\u00e7\u00f5es do distanciamento social, o uso de m\u00e1scaras, a higieniza\u00e7\u00e3o das m\u00e3os e objetos com \u00e1lcool 70% e demais medidas apresentadas pela Secretaria de Sa\u00fade. <\/p>\n","protected":false},"excerpt":{"rendered":"<p>Nota InformativaAtualizada em 27\/07\/2020 A Secretaria Municipal de Sa\u00fade de Monteiro informa que nesta segunda-feira, 27, tivemos mais 12 novos casos CONFIRMADOS para Covid-19. Sendo&hellip; <\/p>\n","protected":false},"author":1,"featured_media":180809,"comment_status":"closed","ping_status":"closed","sticky":false,"template":"","format":"standard","meta":{"sfsi_plus_gutenberg_text_before_share":"","sfsi_plus_gutenberg_show_text_before_share":"","sfsi_plus_gutenberg_icon_type":"","sfsi_plus_gutenberg_icon_alignemt":"","sfsi_plus_gutenburg_max_per_row":"","footnotes":""},"categories":[6],"tags":[],"class_list":["post-180808","post","type-post","status-publish","format-standard","has-post-thumbnail","hentry","category-cidades"],"_links":{"self":[{"href":"https:\/\/www.caririemacao.com\/1\/wp-json\/wp\/v2\/posts\/180808","targetHints":{"allow":["GET"]}}],"collection":[{"href":"https:\/\/www.caririemacao.com\/1\/wp-json\/wp\/v2\/posts"}],"about":[{"href":"https:\/\/www.caririemacao.com\/1\/wp-json\/wp\/v2\/types\/post"}],"author":[{"embeddable":true,"href":"https:\/\/www.caririemacao.com\/1\/wp-json\/wp\/v2\/users\/1"}],"replies":[{"embeddable":true,"href":"https:\/\/www.caririemacao.com\/1\/wp-json\/wp\/v2\/comments?post=180808"}],"version-history":[{"count":1,"href":"https:\/\/www.caririemacao.com\/1\/wp-json\/wp\/v2\/posts\/180808\/revisions"}],"predecessor-version":[{"id":180810,"href":"https:\/\/www.caririemacao.com\/1\/wp-json\/wp\/v2\/posts\/180808\/revisions\/180810"}],"wp:featuredmedia":[{"embeddable":true,"href":"https:\/\/www.caririemacao.com\/1\/wp-json\/wp\/v2\/media\/180809"}],"wp:attachment":[{"href":"https:\/\/www.caririemacao.com\/1\/wp-json\/wp\/v2\/media?parent=180808"}],"wp:term":[{"taxonomy":"category","embeddable":true,"href":"https:\/\/www.caririemacao.com\/1\/wp-json\/wp\/v2\/categories?post=180808"},{"taxonomy":"post_tag","embeddable":true,"href":"https:\/\/www.caririemacao.com\/1\/wp-json\/wp\/v2\/tags?post=180808"}],"curies":[{"name":"wp","href":"https:\/\/api.w.org\/{rel}","templated":true}]}}