{"id":180812,"date":"2020-07-28T08:37:06","date_gmt":"2020-07-28T11:37:06","guid":{"rendered":"https:\/\/www.caririemacao.com\/1\/?p=180812"},"modified":"2020-07-28T08:37:06","modified_gmt":"2020-07-28T11:37:06","slug":"a-paraiba-fez-o-dever-de-casa-declara-mandetta-ao-elogiar-o-trabalho-do-governo-do-estado-no-combate-ao-covid-19","status":"publish","type":"post","link":"https:\/\/www.caririemacao.com\/1\/2020\/07\/28\/a-paraiba-fez-o-dever-de-casa-declara-mandetta-ao-elogiar-o-trabalho-do-governo-do-estado-no-combate-ao-covid-19\/","title":{"rendered":"&#8216;A Para\u00edba fez o dever de casa&#8217;, declara Mandetta ao elogiar o trabalho do Governo do Estado no combate ao Covid-19"},"content":{"rendered":"\n<h1 class=\"wp-block-heading\"><\/h1>\n\n\n\n<p>O ex-ministro da Sa\u00fade Luiz Henrique Mandetta concedeu na noite desta segunda-feira (27), uma entrevista a um programa de r\u00e1dio&nbsp;Hora H, da Rede Mais R\u00e1dio. Mandetta conversou&nbsp;sobre o cen\u00e1rio atual da pandemia do coronav\u00edrus no pa\u00eds e, em especial da Para\u00edba.<\/p>\n\n\n\n<p>\u201cA Para\u00edba fez o dever de casa\u201d, declarou o ex-ministro da Sa\u00fade, elogiando&nbsp;o trabalho e a atua\u00e7\u00e3o do Governo da Para\u00edba e da Secretaria de Estado da Sa\u00fade (SES) no combate \u00e0 Covid-19.<\/p>\n\n\n\n<p>Mandetta falou da import\u00e2ncia do isolamento e como o mesmo ajudou a manter a taxa de ocupa\u00e7\u00e3o hospitalar controlada e evitar o colapso. Para ele, o Estado conseguiu segurar a contamina\u00e7\u00e3o e fez uma boa gest\u00e3o de pessoas e de movimenta\u00e7\u00e3o.&nbsp;<\/p>\n\n\n\n<p>\u201cO isolamento contribuiu para que o sistema pudesse pelo menos d\u00e1 a chance para as pessoas viver. Voc\u00ea n\u00e3o consegue segurar um v\u00edrus, voc\u00ea n\u00e3o consegue que as pessoas todas tenham um comportamento de se blindar do v\u00edrus. Agora \u00e9 dever dos governos organizar sistemas de sa\u00fade para que se uma pessoa contraia a doen\u00e7a, ela tenha a chance de lutar pela vida\u201d, afirmou.&nbsp;<\/p>\n\n\n\n<p>O ex-ministro&nbsp;tamb\u00e9m destacou que a Para\u00edba \u00e9 uma boa refer\u00eancia na dosagem entre velocidade de transmiss\u00e3o e capacidade de atendimento. Ele refor\u00e7ou que a taxa de ocupa\u00e7\u00e3o de leitos de UTI no estado est\u00e1 em torno de 40% e que se a doen\u00e7a ficar dentro desse limite, \u00e9 poss\u00edvel trabalhar com o Novo Normal.&nbsp;<\/p>\n\n\n\n<p>\u201cNesses quatro meses de pandemia, n\u00f3s tivemos governantes que tiveram decis\u00e3o mais duras e protegeram mais vidas. Quem conseguiu evitar o colapso, como a Para\u00edba, \u00e9 digno de a gente fazer rever\u00eancia\u201d, completou.<\/p>\n","protected":false},"excerpt":{"rendered":"<p>O ex-ministro da Sa\u00fade Luiz Henrique Mandetta concedeu na noite desta segunda-feira (27), uma entrevista a um programa de r\u00e1dio&nbsp;Hora H, da Rede Mais R\u00e1dio.&hellip; <\/p>\n","protected":false},"author":2,"featured_media":180815,"comment_status":"closed","ping_status":"closed","sticky":false,"template":"","format":"standard","meta":{"sfsi_plus_gutenberg_text_before_share":"","sfsi_plus_gutenberg_show_text_before_share":"","sfsi_plus_gutenberg_icon_type":"","sfsi_plus_gutenberg_icon_alignemt":"","sfsi_plus_gutenburg_max_per_row":"","footnotes":""},"categories":[50,2],"tags":[],"class_list":["post-180812","post","type-post","status-publish","format-standard","has-post-thumbnail","hentry","category-destaque","category-geral"],"_links":{"self":[{"href":"https:\/\/www.caririemacao.com\/1\/wp-json\/wp\/v2\/posts\/180812","targetHints":{"allow":["GET"]}}],"collection":[{"href":"https:\/\/www.caririemacao.com\/1\/wp-json\/wp\/v2\/posts"}],"about":[{"href":"https:\/\/www.caririemacao.com\/1\/wp-json\/wp\/v2\/types\/post"}],"author":[{"embeddable":true,"href":"https:\/\/www.caririemacao.com\/1\/wp-json\/wp\/v2\/users\/2"}],"replies":[{"embeddable":true,"href":"https:\/\/www.caririemacao.com\/1\/wp-json\/wp\/v2\/comments?post=180812"}],"version-history":[{"count":1,"href":"https:\/\/www.caririemacao.com\/1\/wp-json\/wp\/v2\/posts\/180812\/revisions"}],"predecessor-version":[{"id":180816,"href":"https:\/\/www.caririemacao.com\/1\/wp-json\/wp\/v2\/posts\/180812\/revisions\/180816"}],"wp:featuredmedia":[{"embeddable":true,"href":"https:\/\/www.caririemacao.com\/1\/wp-json\/wp\/v2\/media\/180815"}],"wp:attachment":[{"href":"https:\/\/www.caririemacao.com\/1\/wp-json\/wp\/v2\/media?parent=180812"}],"wp:term":[{"taxonomy":"category","embeddable":true,"href":"https:\/\/www.caririemacao.com\/1\/wp-json\/wp\/v2\/categories?post=180812"},{"taxonomy":"post_tag","embeddable":true,"href":"https:\/\/www.caririemacao.com\/1\/wp-json\/wp\/v2\/tags?post=180812"}],"curies":[{"name":"wp","href":"https:\/\/api.w.org\/{rel}","templated":true}]}}