{"id":180814,"date":"2020-07-28T08:42:07","date_gmt":"2020-07-28T11:42:07","guid":{"rendered":"https:\/\/www.caririemacao.com\/1\/?p=180814"},"modified":"2020-07-28T08:42:07","modified_gmt":"2020-07-28T11:42:07","slug":"menino-de-15-anos-cuida-da-mae-e-irma-doentes-enquanto-sonha-em-estudar-para-ser-advogado-na-pb","status":"publish","type":"post","link":"https:\/\/www.caririemacao.com\/1\/2020\/07\/28\/menino-de-15-anos-cuida-da-mae-e-irma-doentes-enquanto-sonha-em-estudar-para-ser-advogado-na-pb\/","title":{"rendered":"Menino de 15 anos cuida da m\u00e3e e irm\u00e3 doentes enquanto sonha em estudar para ser advogado, na PB"},"content":{"rendered":"\n<p>O sonho de Jos\u00e9 Fernando, de 15 anos, natural do munic\u00edpio de Matinhas, no Agreste paraibano, \u00e9 ser advogado. O adolescente mora na zona rural e tem uma rotina totalmente diferente da de outros jovens da mesma idade. Ele cuida da m\u00e3e e da irm\u00e3, que t\u00eam graves problemas de sa\u00fade, enquanto tenta estudar para realizar o sonho de conquistar uma vaga na universidade.<\/p>\n\n\n\n<p>Segundo Jos\u00e9, a rotina dele come\u00e7a bem mais cedo que o hor\u00e1rio de ir para a escola. Por volta das 5h, ele acorda, e a primeira atividade \u00e9 dar o rem\u00e9dio a sua m\u00e3e, que perdeu parte da vis\u00e3o e o movimentos das pernas por complica\u00e7\u00f5es da diabetes. Depois, tamb\u00e9m ajuda sua irm\u00e3 a tomar os medicamentos. O jovem \u00e9 respons\u00e1vel por todos os afazeres dom\u00e9sticos.<\/p>\n\n\n\n<p>\u201cPreparo o caf\u00e9, j\u00e1 lavo a lou\u00e7a, seco e guardo. Depois, j\u00e1 vou fazer o almo\u00e7o e deixar tudo pronto para quando chegar da escola, s\u00f3 chegar, esquentar e dar para elas\u201d, disse.<\/p>\n\n\n\n<p>A m\u00e3e de Jos\u00e9, Maria das Neves, contou \u00e0 TV Cabo Branco o quanto o jovem \u00e9 um filho dedicado, que tem in\u00fameras responsabilidades e que faz de tudo pela fam\u00edlia.<\/p>\n\n\n\n<p>\u201cDe noite ele levanta e como a minha outra filha n\u00e3o pode pegar peso, ele me coloca na cadeira. \u00c9 um filho muito bom\u201d, contou.<\/p>\n\n\n\n<p>O sustento da fam\u00edlia vem do aux\u00edlio-doen\u00e7a da irm\u00e3 de Jos\u00e9, que tamb\u00e9m tem problemas de sa\u00fade. Com o valor, a fam\u00edlia precisa comprar todos os rem\u00e9dios e pagar as demais despesas, inclusive a comida.<\/p>\n\n\n\n<p>O objetivo de Jos\u00e9 ao sonhar em se tornar advogado \u00e9 simples: &#8220;Que eu possa ajudar muita gente&#8221;. E ele diz o que o motiva a continuar: &#8220;A sa\u00fade dela. Pra que ela fique boa&#8221;.<\/p>\n\n\n\n<figure class=\"wp-block-image\"><img decoding=\"async\" data-src=\"https:\/\/s04.video.glbimg.com\/x240\/8729135.jpg\" alt=\"Adolescente de 15 anos cuida da m\u00e3e e da irm\u00e3 doentes e sonha em ser advogado, em Matinhas\" title=\"Adolescente de 15 anos cuida da m\u00e3e e da irm\u00e3 doentes e sonha em ser advogado, em Matinhas\" src=\"data:image\/svg+xml;base64,PHN2ZyB3aWR0aD0iMSIgaGVpZ2h0PSIxIiB4bWxucz0iaHR0cDovL3d3dy53My5vcmcvMjAwMC9zdmciPjwvc3ZnPg==\" class=\"lazyload\" \/><\/figure>\n\n\n\n<p>Adolescente de 15 anos cuida da m\u00e3e e da irm\u00e3 doentes e sonha em ser advogado, em Matinhas<\/p>\n\n\n\n<p>Na localidade onde a fam\u00edlia mora, as casas s\u00e3o todas afastadas e n\u00e3o h\u00e1 sinal de celular, por\u00e9m, foi atrav\u00e9s das redes sociais que a hist\u00f3ria do adolescente ficou conhecida por centenas de pessoas, que tentam ajudar.<\/p>\n\n\n\n<p>O influenciador digital conhecido como Rivanildo Atitude h\u00e1 quatro anos divulga campanhas de pessoas em situa\u00e7\u00e3o de vulnerabilidade social. Segundo Rivanildo, ele conheceu a hist\u00f3ria de Jos\u00e9 atrav\u00e9s de um bilhete que recebeu da m\u00e3e dele.<\/p>\n\n\n\n<p>\u201cNo bilhete, ela pedia um mosqueteiro, um len\u00e7ol e casacos para os filhos. Isso me despertou a vontade de vir conhecer a fam\u00edlia\u201d, disse.<\/p>\n\n\n\n<p>Jos\u00e9 sonha em se mudar para a cidade, pois se preocupa com a fam\u00edlia, que pode precisar de atendimento m\u00e9dico de urg\u00eancia, e a localidade onde moram \u00e9 de dif\u00edcil acesso.<\/p>\n\n\n\n<p>O jovem, que desde cedo tem uma rotina pesada e cheia de responsabilidades de adulto, deveria se preocupar somente com os estudos. Mesmo assim, um dos maiores desejos do adolescente \u00e9 ser advogado.<\/p>\n\n\n\n<p>\u201cEspero que quando eu for advogado possa ajudar muita gente, minha m\u00e3e. O que me motiva a fazer tudo por ela \u00e9 a vontade que ela fique boa\u201d, afirmou.<\/p>\n\n\n\n<figure class=\"wp-block-image\"><img decoding=\"async\" data-src=\"https:\/\/s2.glbimg.com\/Id3eXiI19N7_mvNqGQWnPMj_a1A=\/0x0:1062x637\/984x0\/smart\/filters:strip_icc()\/i.s3.glbimg.com\/v1\/AUTH_59edd422c0c84a879bd37670ae4f538a\/internal_photos\/bs\/2020\/0\/D\/g0e9qxQxmNkAzGZCkpzg\/menino-advogado2.jpg\" alt=\"Jovem de 15 anos cuida de m\u00e3e e irm\u00e3 doentes e sonha em ser advogado, na Para\u00edba \u2014 Foto: TV Para\u00edba\/Reprodu\u00e7\u00e3o\" src=\"data:image\/svg+xml;base64,PHN2ZyB3aWR0aD0iMSIgaGVpZ2h0PSIxIiB4bWxucz0iaHR0cDovL3d3dy53My5vcmcvMjAwMC9zdmciPjwvc3ZnPg==\" class=\"lazyload\" \/><\/figure>\n\n\n\n<p>Jovem de 15 anos cuida de m\u00e3e e irm\u00e3 doentes e sonha em ser advogado, na Para\u00edba \u2014 Foto: TV Para\u00edba\/Reprodu\u00e7\u00e3o<\/p>\n\n\n\n<p>COM G1<\/p>\n","protected":false},"excerpt":{"rendered":"<p>O sonho de Jos\u00e9 Fernando, de 15 anos, natural do munic\u00edpio de Matinhas, no Agreste paraibano, \u00e9 ser advogado. O adolescente mora na zona rural&hellip; <\/p>\n","protected":false},"author":1,"featured_media":180825,"comment_status":"closed","ping_status":"closed","sticky":false,"template":"","format":"standard","meta":{"sfsi_plus_gutenberg_text_before_share":"","sfsi_plus_gutenberg_show_text_before_share":"","sfsi_plus_gutenberg_icon_type":"","sfsi_plus_gutenberg_icon_alignemt":"","sfsi_plus_gutenburg_max_per_row":"","footnotes":""},"categories":[50,2],"tags":[],"class_list":["post-180814","post","type-post","status-publish","format-standard","has-post-thumbnail","hentry","category-destaque","category-geral"],"_links":{"self":[{"href":"https:\/\/www.caririemacao.com\/1\/wp-json\/wp\/v2\/posts\/180814","targetHints":{"allow":["GET"]}}],"collection":[{"href":"https:\/\/www.caririemacao.com\/1\/wp-json\/wp\/v2\/posts"}],"about":[{"href":"https:\/\/www.caririemacao.com\/1\/wp-json\/wp\/v2\/types\/post"}],"author":[{"embeddable":true,"href":"https:\/\/www.caririemacao.com\/1\/wp-json\/wp\/v2\/users\/1"}],"replies":[{"embeddable":true,"href":"https:\/\/www.caririemacao.com\/1\/wp-json\/wp\/v2\/comments?post=180814"}],"version-history":[{"count":1,"href":"https:\/\/www.caririemacao.com\/1\/wp-json\/wp\/v2\/posts\/180814\/revisions"}],"predecessor-version":[{"id":180826,"href":"https:\/\/www.caririemacao.com\/1\/wp-json\/wp\/v2\/posts\/180814\/revisions\/180826"}],"wp:featuredmedia":[{"embeddable":true,"href":"https:\/\/www.caririemacao.com\/1\/wp-json\/wp\/v2\/media\/180825"}],"wp:attachment":[{"href":"https:\/\/www.caririemacao.com\/1\/wp-json\/wp\/v2\/media?parent=180814"}],"wp:term":[{"taxonomy":"category","embeddable":true,"href":"https:\/\/www.caririemacao.com\/1\/wp-json\/wp\/v2\/categories?post=180814"},{"taxonomy":"post_tag","embeddable":true,"href":"https:\/\/www.caririemacao.com\/1\/wp-json\/wp\/v2\/tags?post=180814"}],"curies":[{"name":"wp","href":"https:\/\/api.w.org\/{rel}","templated":true}]}}