{"id":180818,"date":"2020-07-28T08:39:12","date_gmt":"2020-07-28T11:39:12","guid":{"rendered":"https:\/\/www.caririemacao.com\/1\/?p=180818"},"modified":"2020-07-28T08:39:12","modified_gmt":"2020-07-28T11:39:12","slug":"inscricoes-para-o-fies-comecam-nesta-terca-feira-com-30-mil-vagas","status":"publish","type":"post","link":"https:\/\/www.caririemacao.com\/1\/2020\/07\/28\/inscricoes-para-o-fies-comecam-nesta-terca-feira-com-30-mil-vagas\/","title":{"rendered":"Inscri\u00e7\u00f5es para o Fies come\u00e7am nesta ter\u00e7a-feira com 30 mil vagas"},"content":{"rendered":"\n<h1 class=\"wp-block-heading\"><\/h1>\n\n\n\n<p>Os candidatos ao processo seletivo do 2\u00ba semestre de 2020 para as vagas no ensino superior subsidiadas pelo Fundo de Financiamento Estudantil (Fies) ter\u00e3o de hoje at\u00e9 \u00e0s 23h59 de sexta-feira (31), para fazer a sua inscri\u00e7\u00e3o na p\u00e1gina do programa. No dia 4, o resultado ser\u00e1 divulgado.<\/p>\n\n\n\n<p>S\u00e3o 30 mil vagas ofertadas nesta edi\u00e7\u00e3o e os candidatos n\u00e3o pr\u00e9-selecionados na chamada \u00fanica, podem disputar as vagas posteriormente na lista de espera \u2013 que \u00e9 autom\u00e1tica. A lista de espera dura do dia 04 at\u00e9 o dia 31 de agosto.<\/p>\n\n\n\n<p>Para se inscrever \u00e9 necess\u00e1rio que o candidato tenha participado de alguma edi\u00e7\u00e3o do Enem de 2010 at\u00e9 2019 e tenha obtido m\u00e9dia aritm\u00e9tica nas notas das provas igual ou superior a 450 pontos e n\u00e3o tenha zerado a reda\u00e7\u00e3o. Outro crit\u00e9rio \u00e9 possuir uma renda familiar mensal bruta, por pessoa, de at\u00e9 tr\u00eas sal\u00e1rios m\u00ednimos.<\/p>\n\n\n\n<p><strong>Risco de falta de pagamento<\/strong><\/p>\n\n\n\n<p>O presidente Jair Bolsonaro sancionou nesta quinta-feira o projeto que suspende o pagamento de parcelas do Fundo de Financiamento Estudantil (Fies) por at\u00e9 quatro meses. O texto, aprovado pelo Congresso Nacional, prev\u00ea a suspens\u00e3o da cobran\u00e7a do financiamento pelo tempo que durar o estado de calamidade p\u00fablica decorrente da pandemia. Para garantir o cr\u00e9dito do Fies, a Uni\u00e3o poder\u00e1 aplicar R$ 4,5 bilh\u00f5es no Fundo Garantidor do Fies (FG-Fies). A san\u00e7\u00e3o deve ser publicada no Di\u00e1rio Oficial da Uni\u00e3o de sexta-feira.<\/p>\n\n\n\n<p>Nota divulgada nesta quinta-feira afirma que \u201co governo federal entende que estudantes que usufruem do Fies t\u00eam enfrentado dificuldades para cumprir suas obriga\u00e7\u00f5es financeiras durante a atual crise sanit\u00e1ria\u201d. O texto permite o inclus\u00e3o entre os estudantes que podem ter abatimento mensal de 1% do saldo devedor consolidado os m\u00e9dicos, enfermeiros e demais profissionais da sa\u00fade que trabalhem no \u00e2mbito do Sistema \u00danico de Sa\u00fade (SUS), durante o per\u00edodo de vig\u00eancia da emerg\u00eancia sanit\u00e1ria.<\/p>\n\n\n\n<p>A nota tamb\u00e9m informa que o presidente Bolsonaro decidiu vetar, com base em manifesta\u00e7\u00e3o t\u00e9cnica dos minist\u00e9rios competentes, artigos que tratavam da complementariedade entre Fies e P-Fies, um empr\u00e9stimo feito junto a bancos privados, por considerar que a norma estimularia a inadimpl\u00eancia de benefici\u00e1rios do programa.<\/p>\n","protected":false},"excerpt":{"rendered":"<p>Os candidatos ao processo seletivo do 2\u00ba semestre de 2020 para as vagas no ensino superior subsidiadas pelo Fundo de Financiamento Estudantil (Fies) ter\u00e3o de&hellip; <\/p>\n","protected":false},"author":2,"featured_media":180822,"comment_status":"closed","ping_status":"closed","sticky":false,"template":"","format":"standard","meta":{"sfsi_plus_gutenberg_text_before_share":"","sfsi_plus_gutenberg_show_text_before_share":"","sfsi_plus_gutenberg_icon_type":"","sfsi_plus_gutenberg_icon_alignemt":"","sfsi_plus_gutenburg_max_per_row":"","footnotes":""},"categories":[50,14],"tags":[],"class_list":["post-180818","post","type-post","status-publish","format-standard","has-post-thumbnail","hentry","category-destaque","category-educacao"],"_links":{"self":[{"href":"https:\/\/www.caririemacao.com\/1\/wp-json\/wp\/v2\/posts\/180818","targetHints":{"allow":["GET"]}}],"collection":[{"href":"https:\/\/www.caririemacao.com\/1\/wp-json\/wp\/v2\/posts"}],"about":[{"href":"https:\/\/www.caririemacao.com\/1\/wp-json\/wp\/v2\/types\/post"}],"author":[{"embeddable":true,"href":"https:\/\/www.caririemacao.com\/1\/wp-json\/wp\/v2\/users\/2"}],"replies":[{"embeddable":true,"href":"https:\/\/www.caririemacao.com\/1\/wp-json\/wp\/v2\/comments?post=180818"}],"version-history":[{"count":1,"href":"https:\/\/www.caririemacao.com\/1\/wp-json\/wp\/v2\/posts\/180818\/revisions"}],"predecessor-version":[{"id":180823,"href":"https:\/\/www.caririemacao.com\/1\/wp-json\/wp\/v2\/posts\/180818\/revisions\/180823"}],"wp:featuredmedia":[{"embeddable":true,"href":"https:\/\/www.caririemacao.com\/1\/wp-json\/wp\/v2\/media\/180822"}],"wp:attachment":[{"href":"https:\/\/www.caririemacao.com\/1\/wp-json\/wp\/v2\/media?parent=180818"}],"wp:term":[{"taxonomy":"category","embeddable":true,"href":"https:\/\/www.caririemacao.com\/1\/wp-json\/wp\/v2\/categories?post=180818"},{"taxonomy":"post_tag","embeddable":true,"href":"https:\/\/www.caririemacao.com\/1\/wp-json\/wp\/v2\/tags?post=180818"}],"curies":[{"name":"wp","href":"https:\/\/api.w.org\/{rel}","templated":true}]}}