{"id":180820,"date":"2020-07-28T08:45:59","date_gmt":"2020-07-28T11:45:59","guid":{"rendered":"https:\/\/www.caririemacao.com\/1\/?p=180820"},"modified":"2020-07-28T08:45:59","modified_gmt":"2020-07-28T11:45:59","slug":"homem-que-ameacava-ex-esposa-e-preso-e-outra-mulher-relata-mais-ameacas-amanha-e-seu-ultimo-dia","status":"publish","type":"post","link":"https:\/\/www.caririemacao.com\/1\/2020\/07\/28\/homem-que-ameacava-ex-esposa-e-preso-e-outra-mulher-relata-mais-ameacas-amanha-e-seu-ultimo-dia\/","title":{"rendered":"Homem que amea\u00e7ava ex-esposa \u00e9 preso, e outra mulher relata mais amea\u00e7as: &#8216;amanh\u00e3 \u00e9 seu \u00faltimo dia&#8217;"},"content":{"rendered":"\n<p>O homem que\u00a0amea\u00e7ava a ex-esposa de morte mesmo com duas medidas protetivas contra ele\u00a0foi preso e, ap\u00f3s a pris\u00e3o, outra mulher, tamb\u00e9m ex-companheira dele, tamb\u00e9m fez uma den\u00fancia contra o homem. O suspeito foi preso em Jaboat\u00e3o dos Guararapes, em Pernambuco, na \u00faltima quinta-feira (23), e est\u00e1 detido na Cadeia P\u00fablica de Alagoa Grande.<\/p>\n\n\n\n<p>A primeira mulher a denunciar, de 28 anos, vendedora e m\u00e3e de dois filhos do suspeito, recebeu mensagens em que ele dizia que primeiro mataria os pais dela, em seguida os filhos e por \u00faltimo seria ela. Os dois viveram juntos por cinco anos.<\/p>\n\n\n\n<p>A segunda mulher a fazer a den\u00fancia tamb\u00e9m estava recebendo amea\u00e7as. Ela recebia fotos de armas, com mensagens semelhantes \u00e0s amea\u00e7as feitas \u00e0 vendedora. O homem dizia que a mulher iria sofrer a morte dos pais e que depois tamb\u00e9m a mataria. Ele amea\u00e7ou matar at\u00e9 a filha que teve com a ex-companheira.<\/p>\n\n\n\n<blockquote class=\"wp-block-quote is-layout-flow wp-block-quote-is-layout-flow\"><p>&#8220;Curta seus filhos hoje porque amanh\u00e3 \u00e9 seu \u00faltimo dia&#8221;, diz uma das mensagens recebidas pela mulher.<\/p><\/blockquote>\n\n\n\n<p>De acordo com a delegada Maria Soledade, o homem foi preso porque descumpriu as medidas protetivas que estavam em aberto contra ele, amea\u00e7ando as v\u00edtimas.<\/p>\n\n\n\n<blockquote class=\"wp-block-quote is-layout-flow wp-block-quote-is-layout-flow\"><p>&#8220;Que o juiz deixe ele l\u00e1 para pagar pelo que ele estava fazendo, nos amea\u00e7ando, e que a Justi\u00e7a n\u00e3o d\u00ea liberdade para ele vir para rua&#8221;, relata a vendedora.<\/p><\/blockquote>\n\n\n\n<blockquote class=\"wp-block-quote is-layout-flow wp-block-quote-is-layout-flow\"><p>&#8220;Que possamos ter paz, dormir uma noite tranquila, pe\u00e7o s\u00f3 Justi\u00e7a&#8221;, desabafou a outra mulher que tamb\u00e9m fez a den\u00fancia.<\/p><p>COM G1<\/p><\/blockquote>\n","protected":false},"excerpt":{"rendered":"<p>O homem que\u00a0amea\u00e7ava a ex-esposa de morte mesmo com duas medidas protetivas contra ele\u00a0foi preso e, ap\u00f3s a pris\u00e3o, outra mulher, tamb\u00e9m ex-companheira dele, tamb\u00e9m&hellip; <\/p>\n","protected":false},"author":1,"featured_media":180836,"comment_status":"closed","ping_status":"closed","sticky":false,"template":"","format":"standard","meta":{"sfsi_plus_gutenberg_text_before_share":"","sfsi_plus_gutenberg_show_text_before_share":"","sfsi_plus_gutenberg_icon_type":"","sfsi_plus_gutenberg_icon_alignemt":"","sfsi_plus_gutenburg_max_per_row":"","footnotes":""},"categories":[12],"tags":[],"class_list":["post-180820","post","type-post","status-publish","format-standard","has-post-thumbnail","hentry","category-policia"],"_links":{"self":[{"href":"https:\/\/www.caririemacao.com\/1\/wp-json\/wp\/v2\/posts\/180820","targetHints":{"allow":["GET"]}}],"collection":[{"href":"https:\/\/www.caririemacao.com\/1\/wp-json\/wp\/v2\/posts"}],"about":[{"href":"https:\/\/www.caririemacao.com\/1\/wp-json\/wp\/v2\/types\/post"}],"author":[{"embeddable":true,"href":"https:\/\/www.caririemacao.com\/1\/wp-json\/wp\/v2\/users\/1"}],"replies":[{"embeddable":true,"href":"https:\/\/www.caririemacao.com\/1\/wp-json\/wp\/v2\/comments?post=180820"}],"version-history":[{"count":1,"href":"https:\/\/www.caririemacao.com\/1\/wp-json\/wp\/v2\/posts\/180820\/revisions"}],"predecessor-version":[{"id":180837,"href":"https:\/\/www.caririemacao.com\/1\/wp-json\/wp\/v2\/posts\/180820\/revisions\/180837"}],"wp:featuredmedia":[{"embeddable":true,"href":"https:\/\/www.caririemacao.com\/1\/wp-json\/wp\/v2\/media\/180836"}],"wp:attachment":[{"href":"https:\/\/www.caririemacao.com\/1\/wp-json\/wp\/v2\/media?parent=180820"}],"wp:term":[{"taxonomy":"category","embeddable":true,"href":"https:\/\/www.caririemacao.com\/1\/wp-json\/wp\/v2\/categories?post=180820"},{"taxonomy":"post_tag","embeddable":true,"href":"https:\/\/www.caririemacao.com\/1\/wp-json\/wp\/v2\/tags?post=180820"}],"curies":[{"name":"wp","href":"https:\/\/api.w.org\/{rel}","templated":true}]}}