{"id":180821,"date":"2020-07-28T08:43:50","date_gmt":"2020-07-28T11:43:50","guid":{"rendered":"https:\/\/www.caririemacao.com\/1\/?p=180821"},"modified":"2020-07-28T08:43:50","modified_gmt":"2020-07-28T11:43:50","slug":"ufpb-nao-vai-abrir-lista-de-espera-no-sisu-2020-2","status":"publish","type":"post","link":"https:\/\/www.caririemacao.com\/1\/2020\/07\/28\/ufpb-nao-vai-abrir-lista-de-espera-no-sisu-2020-2\/","title":{"rendered":"UFPB n\u00e3o vai abrir lista de espera no Sisu 2020.2"},"content":{"rendered":"\n<p>A Universidade Federal da Para\u00edba (UFPB) n\u00e3o ter\u00e1 lista de espera na segunda edi\u00e7\u00e3o do Sistema de Sele\u00e7\u00e3o Unificada (Sisu) 2020. Segundo a Pr\u00f3-reitoria de Gradua\u00e7\u00e3o (PRG) da institui\u00e7\u00e3o, o \u201cnovo normal\u201d e a oferta de per\u00edodos suplementares, de modo remoto, exigem cautela para ingresso de novos estudantes. As vagas remanescentes ser\u00e3o oferecidas no Sisu 2021.<\/p>\n\n\n\n<p>\u201cA UFPB, quando fez ades\u00e3o ao Sisu 2020.2, optou por uma \u00fanica chamada, a chamada regular. A institui\u00e7\u00e3o tem tido o cuidado de avaliar o cen\u00e1rio que se estabelecer\u00e1 no &#8216;novo normal&#8217;, quando forem retomadas as atividades na modalidade presencial. Estamos ofertando per\u00edodos de forma remota. Ingressar novos estudantes neste momento n\u00e3o \u00e9 uma op\u00e7\u00e3o razo\u00e1vel\u201d, afirma a pr\u00f3-reitora de gradua\u00e7\u00e3o, professora Ariane S\u00e1.<\/p>\n\n\n\n<p>Neste Sisu 2020.2, foram oferecidas 478 vagas distribu\u00eddas em 76 cursos nos quatro campi da UFPB. A institui\u00e7\u00e3o cadastrou 138 selecionados na chamada regular do Sisu 2020.2.<\/p>\n\n\n\n<p>Os per\u00edodos letivos de 2020 na UFPB ainda n\u00e3o t\u00eam data para come\u00e7ar, devido \u00e0 pandemia da Covid-19. As atividades presenciais na UFPB foram suspensas em 17 de mar\u00e7o.<\/p>\n\n\n\n<p>COM G1<\/p>\n","protected":false},"excerpt":{"rendered":"<p>A Universidade Federal da Para\u00edba (UFPB) n\u00e3o ter\u00e1 lista de espera na segunda edi\u00e7\u00e3o do Sistema de Sele\u00e7\u00e3o Unificada (Sisu) 2020. Segundo a Pr\u00f3-reitoria de&hellip; <\/p>\n","protected":false},"author":1,"featured_media":180829,"comment_status":"closed","ping_status":"closed","sticky":false,"template":"","format":"standard","meta":{"sfsi_plus_gutenberg_text_before_share":"","sfsi_plus_gutenberg_show_text_before_share":"","sfsi_plus_gutenberg_icon_type":"","sfsi_plus_gutenberg_icon_alignemt":"","sfsi_plus_gutenburg_max_per_row":"","footnotes":""},"categories":[50,14],"tags":[],"class_list":["post-180821","post","type-post","status-publish","format-standard","has-post-thumbnail","hentry","category-destaque","category-educacao"],"_links":{"self":[{"href":"https:\/\/www.caririemacao.com\/1\/wp-json\/wp\/v2\/posts\/180821","targetHints":{"allow":["GET"]}}],"collection":[{"href":"https:\/\/www.caririemacao.com\/1\/wp-json\/wp\/v2\/posts"}],"about":[{"href":"https:\/\/www.caririemacao.com\/1\/wp-json\/wp\/v2\/types\/post"}],"author":[{"embeddable":true,"href":"https:\/\/www.caririemacao.com\/1\/wp-json\/wp\/v2\/users\/1"}],"replies":[{"embeddable":true,"href":"https:\/\/www.caririemacao.com\/1\/wp-json\/wp\/v2\/comments?post=180821"}],"version-history":[{"count":1,"href":"https:\/\/www.caririemacao.com\/1\/wp-json\/wp\/v2\/posts\/180821\/revisions"}],"predecessor-version":[{"id":180832,"href":"https:\/\/www.caririemacao.com\/1\/wp-json\/wp\/v2\/posts\/180821\/revisions\/180832"}],"wp:featuredmedia":[{"embeddable":true,"href":"https:\/\/www.caririemacao.com\/1\/wp-json\/wp\/v2\/media\/180829"}],"wp:attachment":[{"href":"https:\/\/www.caririemacao.com\/1\/wp-json\/wp\/v2\/media?parent=180821"}],"wp:term":[{"taxonomy":"category","embeddable":true,"href":"https:\/\/www.caririemacao.com\/1\/wp-json\/wp\/v2\/categories?post=180821"},{"taxonomy":"post_tag","embeddable":true,"href":"https:\/\/www.caririemacao.com\/1\/wp-json\/wp\/v2\/tags?post=180821"}],"curies":[{"name":"wp","href":"https:\/\/api.w.org\/{rel}","templated":true}]}}