{"id":180827,"date":"2020-07-28T08:43:29","date_gmt":"2020-07-28T11:43:29","guid":{"rendered":"https:\/\/www.caririemacao.com\/1\/?p=180827"},"modified":"2020-07-28T08:43:29","modified_gmt":"2020-07-28T11:43:29","slug":"auxilio-emergencial-caixa-paga-4a-parcela-a-19-milhao-de-beneficiarios-do-bolsa-familia-nesta-terca-feira","status":"publish","type":"post","link":"https:\/\/www.caririemacao.com\/1\/2020\/07\/28\/auxilio-emergencial-caixa-paga-4a-parcela-a-19-milhao-de-beneficiarios-do-bolsa-familia-nesta-terca-feira\/","title":{"rendered":"Aux\u00edlio Emergencial: Caixa paga 4\u00aa parcela a 1,9 milh\u00e3o de benefici\u00e1rios do Bolsa Fam\u00edlia nesta ter\u00e7a-feira"},"content":{"rendered":"\n<h1 class=\"wp-block-heading\"><\/h1>\n\n\n\n<p>A Caixa Econ\u00f4mica Federal (CEF) paga nesta ter\u00e7a-feira (27) a quarta parcela do Aux\u00edlio Emergencial para 1,9 milh\u00e3o benefici\u00e1rios do Bolsa Fam\u00edlia qualificados no programa, cujo n\u00famero do NIS termina em 7. Os pagamentos para esse grupo s\u00e3o feitos da mesma forma que o Bolsa.<\/p>\n\n\n\n<p><strong>Demais trabalhadores<\/strong><\/p>\n\n\n\n<p>Para os demais benefici\u00e1rios do Aux\u00edlio Emergencial, a quarta parcela come\u00e7ou a ser paga na \u00faltima quarta-feira (22). A data \u00e9 para aqueles que est\u00e3o no Cadastro \u00danico, e para os inscritos por meio do aplicativo e do site que receberam a primeira parcela at\u00e9 30 de abril.<\/p>\n\n\n\n<p>Os demais aprovados tamb\u00e9m receberam a partir de 22 de julho: aprovados no segundo lote receberam a terceira parcela; aprovados no terceiro e quarto lotes receberam a segunda; e novos aprovados receberam o primeiro pagamento.<\/p>\n\n\n\n<p>O calend\u00e1rio de pagamentos deste ciclo segue o m\u00eas do anivers\u00e1rio do benefici\u00e1rio, e o calend\u00e1rio segue at\u00e9 26 de agosto.&nbsp;<\/p>\n\n\n\n<p>Os trabalhadores podem consultar a situa\u00e7\u00e3o do benef\u00edcio pelo aplicativo do aux\u00edlio emergencial ou pelo site auxilio.caixa.gov.br.<\/p>\n","protected":false},"excerpt":{"rendered":"<p>A Caixa Econ\u00f4mica Federal (CEF) paga nesta ter\u00e7a-feira (27) a quarta parcela do Aux\u00edlio Emergencial para 1,9 milh\u00e3o benefici\u00e1rios do Bolsa Fam\u00edlia qualificados no programa,&hellip; <\/p>\n","protected":false},"author":2,"featured_media":180828,"comment_status":"closed","ping_status":"closed","sticky":false,"template":"","format":"standard","meta":{"sfsi_plus_gutenberg_text_before_share":"","sfsi_plus_gutenberg_show_text_before_share":"","sfsi_plus_gutenberg_icon_type":"","sfsi_plus_gutenberg_icon_alignemt":"","sfsi_plus_gutenburg_max_per_row":"","footnotes":""},"categories":[50,2],"tags":[],"class_list":["post-180827","post","type-post","status-publish","format-standard","has-post-thumbnail","hentry","category-destaque","category-geral"],"_links":{"self":[{"href":"https:\/\/www.caririemacao.com\/1\/wp-json\/wp\/v2\/posts\/180827","targetHints":{"allow":["GET"]}}],"collection":[{"href":"https:\/\/www.caririemacao.com\/1\/wp-json\/wp\/v2\/posts"}],"about":[{"href":"https:\/\/www.caririemacao.com\/1\/wp-json\/wp\/v2\/types\/post"}],"author":[{"embeddable":true,"href":"https:\/\/www.caririemacao.com\/1\/wp-json\/wp\/v2\/users\/2"}],"replies":[{"embeddable":true,"href":"https:\/\/www.caririemacao.com\/1\/wp-json\/wp\/v2\/comments?post=180827"}],"version-history":[{"count":1,"href":"https:\/\/www.caririemacao.com\/1\/wp-json\/wp\/v2\/posts\/180827\/revisions"}],"predecessor-version":[{"id":180830,"href":"https:\/\/www.caririemacao.com\/1\/wp-json\/wp\/v2\/posts\/180827\/revisions\/180830"}],"wp:featuredmedia":[{"embeddable":true,"href":"https:\/\/www.caririemacao.com\/1\/wp-json\/wp\/v2\/media\/180828"}],"wp:attachment":[{"href":"https:\/\/www.caririemacao.com\/1\/wp-json\/wp\/v2\/media?parent=180827"}],"wp:term":[{"taxonomy":"category","embeddable":true,"href":"https:\/\/www.caririemacao.com\/1\/wp-json\/wp\/v2\/categories?post=180827"},{"taxonomy":"post_tag","embeddable":true,"href":"https:\/\/www.caririemacao.com\/1\/wp-json\/wp\/v2\/tags?post=180827"}],"curies":[{"name":"wp","href":"https:\/\/api.w.org\/{rel}","templated":true}]}}