{"id":180833,"date":"2020-07-28T08:47:30","date_gmt":"2020-07-28T11:47:30","guid":{"rendered":"https:\/\/www.caririemacao.com\/1\/?p=180833"},"modified":"2020-07-28T08:47:30","modified_gmt":"2020-07-28T11:47:30","slug":"procon-fecha-nove-lojas-nas-duas-semanas-apos-flexibilizacao-do-comercio-de-campina-grande","status":"publish","type":"post","link":"https:\/\/www.caririemacao.com\/1\/2020\/07\/28\/procon-fecha-nove-lojas-nas-duas-semanas-apos-flexibilizacao-do-comercio-de-campina-grande\/","title":{"rendered":"Procon fecha nove lojas nas duas semanas ap\u00f3s flexibiliza\u00e7\u00e3o do com\u00e9rcio de Campina Grande"},"content":{"rendered":"\n<p>Ap\u00f3s duas semanas de reabertura do com\u00e9rcio local de Campina Grande, em que lojas, bares, restaurantes e academias voltaram a funcionar, o Procon municipal fez um primeiro balan\u00e7o sobre a quest\u00e3o. No per\u00edodo, foram 23 estabelecimentos advertidos e notificados, duas multas e nove foram fechados. Apesar do n\u00famero, o coordenador avaliou como positivo o apoio que os comerciantes t\u00eam mantido \u00e0s orienta\u00e7\u00f5es sanit\u00e1rias.<\/p>\n\n\n\n<p>\u201cS\u00e3o n\u00fameros relativamente pequenos, diante das in\u00fameras den\u00fancias que recebemos. Foram mais de 50. No entanto, ao averiguarmos os locais, descobrimos que eram em sua grande maioria infundadas, porque os estabelecimentos estavam de acordo com as orienta\u00e7\u00f5es do decreto municipal\u201d, comentou Rivaldo Rodrigues, coordenador do Procon Campina Grande.<\/p>\n\n\n\n<p>O \u00f3rg\u00e3o vem intensificado nesses \u00faltimos 15 dias o trabalho de orienta\u00e7\u00e3o aos comerciantes locais. O objetivo \u00e9 fazer com que a retomada das atividades econ\u00f4micas n\u00e3o implique em um aumento brusco de casos positivos de coronav\u00edrus na cidade.<\/p>\n\n\n\n<p>E, de acordo com Rivaldo, tanto os empres\u00e1rios como os clientes v\u00eam demonstrando conscientiza\u00e7\u00e3o, adotando as medidas corretas para evitar a propaga\u00e7\u00e3o do v\u00edrus.<\/p>\n\n\n\n<p>\u201cCampina Grande segue mostrando \u00edndices pequenos de ocupa\u00e7\u00e3o de leitos de UTI (46,15%) e de enfermaria (33%), mesmo com a retomada das atividades econ\u00f4micas. Esperamos que continuemos assim\u201d, disse ele.<\/p>\n\n\n\n<p>A popula\u00e7\u00e3o pode ter acesso\u00a0aos n\u00fameros atualizados de casos de Covid-19 em Campina Grande em tempo real por um portal disponibilizado pela Prefeitura. Para os comerciantes, o Procon disponibilizou em sua p\u00e1gina\u00a0v\u00e1rios protocolos com orienta\u00e7\u00f5es para a reabertura dos servi\u00e7os com seguran\u00e7a.<\/p>\n\n\n\n<p>Para d\u00favidas ou den\u00fancias relacionadas \u00e0s rela\u00e7\u00f5es de consumo, o Procon Campina Grande disponibiliza os n\u00fameros 151 ou Whatsapp (83) 98185-8168, (83) 98186-3609 e (83) 98123-0749.<\/p>\n\n\n\n<p>COM G1<\/p>\n","protected":false},"excerpt":{"rendered":"<p>Ap\u00f3s duas semanas de reabertura do com\u00e9rcio local de Campina Grande, em que lojas, bares, restaurantes e academias voltaram a funcionar, o Procon municipal fez&hellip; <\/p>\n","protected":false},"author":1,"featured_media":180841,"comment_status":"closed","ping_status":"closed","sticky":false,"template":"","format":"standard","meta":{"sfsi_plus_gutenberg_text_before_share":"","sfsi_plus_gutenberg_show_text_before_share":"","sfsi_plus_gutenberg_icon_type":"","sfsi_plus_gutenberg_icon_alignemt":"","sfsi_plus_gutenburg_max_per_row":"","footnotes":""},"categories":[2],"tags":[],"class_list":["post-180833","post","type-post","status-publish","format-standard","has-post-thumbnail","hentry","category-geral"],"_links":{"self":[{"href":"https:\/\/www.caririemacao.com\/1\/wp-json\/wp\/v2\/posts\/180833","targetHints":{"allow":["GET"]}}],"collection":[{"href":"https:\/\/www.caririemacao.com\/1\/wp-json\/wp\/v2\/posts"}],"about":[{"href":"https:\/\/www.caririemacao.com\/1\/wp-json\/wp\/v2\/types\/post"}],"author":[{"embeddable":true,"href":"https:\/\/www.caririemacao.com\/1\/wp-json\/wp\/v2\/users\/1"}],"replies":[{"embeddable":true,"href":"https:\/\/www.caririemacao.com\/1\/wp-json\/wp\/v2\/comments?post=180833"}],"version-history":[{"count":1,"href":"https:\/\/www.caririemacao.com\/1\/wp-json\/wp\/v2\/posts\/180833\/revisions"}],"predecessor-version":[{"id":180842,"href":"https:\/\/www.caririemacao.com\/1\/wp-json\/wp\/v2\/posts\/180833\/revisions\/180842"}],"wp:featuredmedia":[{"embeddable":true,"href":"https:\/\/www.caririemacao.com\/1\/wp-json\/wp\/v2\/media\/180841"}],"wp:attachment":[{"href":"https:\/\/www.caririemacao.com\/1\/wp-json\/wp\/v2\/media?parent=180833"}],"wp:term":[{"taxonomy":"category","embeddable":true,"href":"https:\/\/www.caririemacao.com\/1\/wp-json\/wp\/v2\/categories?post=180833"},{"taxonomy":"post_tag","embeddable":true,"href":"https:\/\/www.caririemacao.com\/1\/wp-json\/wp\/v2\/tags?post=180833"}],"curies":[{"name":"wp","href":"https:\/\/api.w.org\/{rel}","templated":true}]}}