{"id":180834,"date":"2020-07-28T08:50:18","date_gmt":"2020-07-28T11:50:18","guid":{"rendered":"https:\/\/www.caririemacao.com\/1\/?p=180834"},"modified":"2020-07-28T08:50:18","modified_gmt":"2020-07-28T11:50:18","slug":"estoque-do-hemocentro-da-paraiba-esta-zerado-e-direcao-faz-apelo-por-doacoes-de-sangue","status":"publish","type":"post","link":"https:\/\/www.caririemacao.com\/1\/2020\/07\/28\/estoque-do-hemocentro-da-paraiba-esta-zerado-e-direcao-faz-apelo-por-doacoes-de-sangue\/","title":{"rendered":"Estoque do Hemocentro da Para\u00edba est\u00e1 zerado, e dire\u00e7\u00e3o faz apelo por doa\u00e7\u00f5es de sangue"},"content":{"rendered":"\n<p>O estoque de sangue no Hemocentro da Para\u00edba est\u00e1 zerado e a situa\u00e7\u00e3o tem preocupado a dire\u00e7\u00e3o da institui\u00e7\u00e3o. Apesar de oferecer a coleta de sangue a domic\u00edlio, as doa\u00e7\u00f5es ca\u00edram durante o per\u00edodo de pandemia. Toda doa\u00e7\u00e3o que chega no local atualmente \u00e9 levada diretamente para hospitais e as bolsas n\u00e3o s\u00e3o suficientes para gerar estoque.<\/p>\n\n\n\n<p>&#8220;N\u00e3o temos esse estoque para suprir a necessidade dos hospitais. Eu queria fazer o apelo que as empresas, que os condom\u00ednios, possam entrar em contato aqui com o Hemocentro para que possam fazer a doa\u00e7\u00e3o&#8221;, comentou Shirlene Gadelha, diretora do Hemocentro.<\/p>\n\n\n\n<p>Em mar\u00e7o, o Hemocentro informou que as doa\u00e7\u00f5es\u00a0ca\u00edram 70% durante a pandemia\u00a0e agora o estoque est\u00e1 zerado, segundo Shirlene. A diretora refor\u00e7a que o Hemocentro tem seguido todos os protocolos de seguran\u00e7a, inclusive nas coletas a domic\u00edlio.<\/p>\n\n\n\n<p>O Hemocentro oferece o n\u00famero Whatsapp 3133-3473 para agendamentos de doa\u00e7\u00e3o.\u00a0Moradores de pr\u00e9dios, condom\u00ednios, empresas e outros grupos tamb\u00e9m podem agendar uma coleta a domic\u00edlio.<\/p>\n\n\n\n<p>&#8220;Nesse momento \u00e9 importante que existam as caravanas, os grupos de igreja podem se juntar, n\u00f3s iremos tamb\u00e9m. \u00c9 necess\u00e1rio realmente, n\u00e3o temos o sangue. O sangue \u00e9 doado, n\u00e3o tem outra forma de fazer essa reposi\u00e7\u00e3o se o doador n\u00e3o fizer a doa\u00e7\u00e3o de sangue&#8221;, disse Shirlene.<\/p>\n\n\n\n<p>Quem for ao local para doar sangue sem agendamento tamb\u00e9m ser\u00e1 atendido e poder\u00e1 fazer a doa\u00e7\u00e3o. Para doar \u00e9 preciso portar um documento oficial e original com foto, ter entre 16 e 69 anos &#8211; pessoas com menos de 18 anos devem estar acompanhados de um dos respons\u00e1veis legais.<\/p>\n\n\n\n<p>Al\u00e9m disso, o doador precisa estar bem alimentado, saud\u00e1vel, ter dormido bem na noite anterior \u2013 no m\u00ednimo seis horas \u2013, pesar acima de 50 kg e n\u00e3o ter ingerido bebida alco\u00f3lica nas \u00faltimas 24 horas. Demais crit\u00e9rios s\u00e3o avaliados em uma entrevista individual (triagem cl\u00ednica) que antecede a doa\u00e7\u00e3o.<\/p>\n\n\n\n<p>COM G1<\/p>\n","protected":false},"excerpt":{"rendered":"<p>O estoque de sangue no Hemocentro da Para\u00edba est\u00e1 zerado e a situa\u00e7\u00e3o tem preocupado a dire\u00e7\u00e3o da institui\u00e7\u00e3o. Apesar de oferecer a coleta de&hellip; <\/p>\n","protected":false},"author":1,"featured_media":180848,"comment_status":"closed","ping_status":"closed","sticky":false,"template":"","format":"standard","meta":{"sfsi_plus_gutenberg_text_before_share":"","sfsi_plus_gutenberg_show_text_before_share":"","sfsi_plus_gutenberg_icon_type":"","sfsi_plus_gutenberg_icon_alignemt":"","sfsi_plus_gutenburg_max_per_row":"","footnotes":""},"categories":[16],"tags":[],"class_list":["post-180834","post","type-post","status-publish","format-standard","has-post-thumbnail","hentry","category-saude"],"_links":{"self":[{"href":"https:\/\/www.caririemacao.com\/1\/wp-json\/wp\/v2\/posts\/180834","targetHints":{"allow":["GET"]}}],"collection":[{"href":"https:\/\/www.caririemacao.com\/1\/wp-json\/wp\/v2\/posts"}],"about":[{"href":"https:\/\/www.caririemacao.com\/1\/wp-json\/wp\/v2\/types\/post"}],"author":[{"embeddable":true,"href":"https:\/\/www.caririemacao.com\/1\/wp-json\/wp\/v2\/users\/1"}],"replies":[{"embeddable":true,"href":"https:\/\/www.caririemacao.com\/1\/wp-json\/wp\/v2\/comments?post=180834"}],"version-history":[{"count":1,"href":"https:\/\/www.caririemacao.com\/1\/wp-json\/wp\/v2\/posts\/180834\/revisions"}],"predecessor-version":[{"id":180850,"href":"https:\/\/www.caririemacao.com\/1\/wp-json\/wp\/v2\/posts\/180834\/revisions\/180850"}],"wp:featuredmedia":[{"embeddable":true,"href":"https:\/\/www.caririemacao.com\/1\/wp-json\/wp\/v2\/media\/180848"}],"wp:attachment":[{"href":"https:\/\/www.caririemacao.com\/1\/wp-json\/wp\/v2\/media?parent=180834"}],"wp:term":[{"taxonomy":"category","embeddable":true,"href":"https:\/\/www.caririemacao.com\/1\/wp-json\/wp\/v2\/categories?post=180834"},{"taxonomy":"post_tag","embeddable":true,"href":"https:\/\/www.caririemacao.com\/1\/wp-json\/wp\/v2\/tags?post=180834"}],"curies":[{"name":"wp","href":"https:\/\/api.w.org\/{rel}","templated":true}]}}