{"id":180844,"date":"2020-07-28T08:49:33","date_gmt":"2020-07-28T11:49:33","guid":{"rendered":"https:\/\/www.caririemacao.com\/1\/?p=180844"},"modified":"2020-07-28T08:49:33","modified_gmt":"2020-07-28T11:49:33","slug":"ufpb-nao-tera-lista-de-espera-no-sisu-2020-2","status":"publish","type":"post","link":"https:\/\/www.caririemacao.com\/1\/2020\/07\/28\/ufpb-nao-tera-lista-de-espera-no-sisu-2020-2\/","title":{"rendered":"UFPB n\u00e3o ter\u00e1 lista de espera no Sisu 2020.2"},"content":{"rendered":"\n<h1 class=\"wp-block-heading\"><\/h1>\n\n\n\n<p>A Universidade Federal da Para\u00edba (UFPB) n\u00e3o ter\u00e1 lista de espera na segunda edi\u00e7\u00e3o do Sistema de Sele\u00e7\u00e3o Unificada (Sisu) 2020. Segundo a Pr\u00f3-reitoria de Gradua\u00e7\u00e3o (PRG) da federal paraibana, o \u201cnovo normal\u201d e a oferta de per\u00edodos suplementares, de modo remoto, exigem cautela para ingresso de novos estudantes.&nbsp;<\/p>\n\n\n\n<p>\u201cA UFPB, quando fez ades\u00e3o ao Sisu 2020.2, optou por uma \u00fanica chamada, a chamada regular. A institui\u00e7\u00e3o tem tido o cuidado de avaliar o cen\u00e1rio que se estabelecer\u00e1 no \u201cnovo normal\u201d, quando forem retomadas as atividades na modalidade presencial. Estamos ofertando per\u00edodos de forma remota. Ingressar novos estudantes neste momento n\u00e3o \u00e9 uma op\u00e7\u00e3o razo\u00e1vel\u201d, afirma a pr\u00f3-reitora de gradua\u00e7\u00e3o, professora Ariane S\u00e1.&nbsp;<\/p>\n\n\n\n<p>Neste&nbsp;Sisu&nbsp;2020.2, foram oferecidas 478 vagas distribu\u00eddas em 76 cursos nos quatro campi da UFPB. A federal paraibana cadastrou 138 selecionados na chamada regular do Sisu 2020.2. As vagas remanescentes ser\u00e3o oferecidas no&nbsp;Sisu&nbsp;2021.&nbsp;<\/p>\n\n\n\n<p>Os per\u00edodos letivos de 2020 na UFPB ainda n\u00e3o t\u00eam data para come\u00e7ar, devido \u00e0 pandemia da Covid-19. As&nbsp; atividades presenciais na UFPB foram suspensas em&nbsp;17 de mar\u00e7o. Outros detalhes sobre o&nbsp;Sisu&nbsp;2020.2 podem ser conferidos na&nbsp;<a href=\"http:\/\/www.prg.ufpb.br\/prg\/codesc\/processos-seletivos\/noticias\/sisu-2a-edicao-2020\">p\u00e1gina<\/a>&nbsp;da Pr\u00f3-reitoria de Gradua\u00e7\u00e3o (PRG).<\/p>\n\n\n\n<p>O&nbsp;Sisu&nbsp;\u00e9 o programa do Minist\u00e9rio da Educa\u00e7\u00e3o (MEC) para acesso a um curso de gradua\u00e7\u00e3o em universidades p\u00fablicas do Brasil. A UFPB foi a institui\u00e7\u00e3o federal que mais ofertou vagas na primeira edi\u00e7\u00e3o do&nbsp;Sisu&nbsp;deste ano. Foram 7.872 vagas destinadas a 124 cursos nos quatro campi da institui\u00e7\u00e3o.<\/p>\n","protected":false},"excerpt":{"rendered":"<p>A Universidade Federal da Para\u00edba (UFPB) n\u00e3o ter\u00e1 lista de espera na segunda edi\u00e7\u00e3o do Sistema de Sele\u00e7\u00e3o Unificada (Sisu) 2020. Segundo a Pr\u00f3-reitoria de&hellip; <\/p>\n","protected":false},"author":2,"featured_media":180846,"comment_status":"closed","ping_status":"closed","sticky":false,"template":"","format":"standard","meta":{"sfsi_plus_gutenberg_text_before_share":"","sfsi_plus_gutenberg_show_text_before_share":"","sfsi_plus_gutenberg_icon_type":"","sfsi_plus_gutenberg_icon_alignemt":"","sfsi_plus_gutenburg_max_per_row":"","footnotes":""},"categories":[2],"tags":[],"class_list":["post-180844","post","type-post","status-publish","format-standard","has-post-thumbnail","hentry","category-geral"],"_links":{"self":[{"href":"https:\/\/www.caririemacao.com\/1\/wp-json\/wp\/v2\/posts\/180844","targetHints":{"allow":["GET"]}}],"collection":[{"href":"https:\/\/www.caririemacao.com\/1\/wp-json\/wp\/v2\/posts"}],"about":[{"href":"https:\/\/www.caririemacao.com\/1\/wp-json\/wp\/v2\/types\/post"}],"author":[{"embeddable":true,"href":"https:\/\/www.caririemacao.com\/1\/wp-json\/wp\/v2\/users\/2"}],"replies":[{"embeddable":true,"href":"https:\/\/www.caririemacao.com\/1\/wp-json\/wp\/v2\/comments?post=180844"}],"version-history":[{"count":1,"href":"https:\/\/www.caririemacao.com\/1\/wp-json\/wp\/v2\/posts\/180844\/revisions"}],"predecessor-version":[{"id":180847,"href":"https:\/\/www.caririemacao.com\/1\/wp-json\/wp\/v2\/posts\/180844\/revisions\/180847"}],"wp:featuredmedia":[{"embeddable":true,"href":"https:\/\/www.caririemacao.com\/1\/wp-json\/wp\/v2\/media\/180846"}],"wp:attachment":[{"href":"https:\/\/www.caririemacao.com\/1\/wp-json\/wp\/v2\/media?parent=180844"}],"wp:term":[{"taxonomy":"category","embeddable":true,"href":"https:\/\/www.caririemacao.com\/1\/wp-json\/wp\/v2\/categories?post=180844"},{"taxonomy":"post_tag","embeddable":true,"href":"https:\/\/www.caririemacao.com\/1\/wp-json\/wp\/v2\/tags?post=180844"}],"curies":[{"name":"wp","href":"https:\/\/api.w.org\/{rel}","templated":true}]}}